{"id":11549,"date":"2021-09-30T21:36:45","date_gmt":"2021-10-01T00:36:45","guid":{"rendered":"https:\/\/hostnetart.com.br\/baixada\/santander-voltara-a-abrir-agencias-ate-as-16h\/"},"modified":"2021-09-30T21:36:45","modified_gmt":"2021-10-01T00:36:45","slug":"santander-voltara-a-abrir-agencias-ate-as-16h","status":"publish","type":"post","link":"https:\/\/hostnetart.com.br\/baixada\/santander-voltara-a-abrir-agencias-ate-as-16h\/","title":{"rendered":"Santander voltar\u00e1 a abrir ag\u00eancias at\u00e9 \u00e0s 16h"},"content":{"rendered":"<p>O banco Santander comunicou clientes que, a partir de segunda-feira (4), suas \u201clojas\u201d voltar\u00e3o a atender o p\u00fablico at\u00e9 \u00e0s 16h. Os gestores foram orientados a, nesta quinta-feira (30), afixar cartazes informando a altera\u00e7\u00e3o do hor\u00e1rio, que volta a ser o mesmo de antes da pandemia: das 9h \u00e0s 10h para atendimento exclusivo para o p\u00fablico priorit\u00e1rio e das 10h \u00e0s 16h para o p\u00fablico em geral.<\/p>\n<p>\u201cLamentamos que, mais uma vez, o banco tome uma medida que tem consequ\u00eancias diretas no dia a dia de trabalho sem negociar com a representa\u00e7\u00e3o dos trabalhadores, em desrespeito ao que determina o acordo coletivo que o banco tem firmado com o movimento sindical\u201d, criticou o coordenador interino da Comiss\u00e3o de Organiza\u00e7\u00e3o dos Empregados (COE) do Santander e secret\u00e1rio de Assuntos Socioecon\u00f4micos da Confedera\u00e7\u00e3o Nacional dos Trabalhadores do Ramo Financeiro (Contraf-CUT), Mario Raia.<\/p>\n<p>O dirigente da Contraf-CUT se refere ao Comit\u00ea de Rela\u00e7\u00f5es Trabalhistas, previsto na cl\u00e1usula 35 do Acordo Coletivo de Trabalho firmado entre o banco e seus funcion\u00e1rios, que em seu par\u00e1grafo primeiro define que as demandas do Santander e dos empregados, que n\u00e3o tratem de quest\u00f5es econ\u00f4micas e de interesse local dos sindicatos, dever\u00e3o ser encaminhadas atrav\u00e9s do Comit\u00ea\u201d.<\/p>\n<h3>Pioneiro<\/h3>\n<p>A volta da abertura das ag\u00eancias at\u00e9 \u00e0s 16h era uma pauta que estava sendo debatida entre os bancos que fazem parte da Federa\u00e7\u00e3o Brasileira de Bancos (Febraban), mas n\u00e3o houve consenso e o encaminhamento foi de que a medida seria tomada de forma individual.<\/p>\n<p>\u201cO Santander, como sempre, \u00e9 o pioneiro entre os bancos nestas quest\u00f5es que podem causar algum dano aos trabalhadores. O banco n\u00e3o tem medo de mostrar que n\u00e3o se importa com o que possa acontecer com seus funcion\u00e1rios. A \u00fanica coisa que importa \u00e9 o lucro\u201d, lamentou o dirigente da Contraf-CUT.<\/p>\n<p>Uma pesquisa do Departamento Intersindical de Estat\u00edstica e Estudos Socioecon\u00f4micos (Dieese) avaliou as\u00a0<a href=\"https:\/\/contrafcut.com.br\/noticias\/comando-nacional-retoma-negociacao-com-fenaban-sobre-teletrabalho\" target=\"_blank\" rel=\"noopener noreferrer\">condi\u00e7\u00f5es de teletrabalho da categoria<\/a>\u00a0ap\u00f3s mais de um ano de dura\u00e7\u00e3o dessa modalidade neste per\u00edodo de pandemia de Covid-19. Mais de 13 mil banc\u00e1rias e banc\u00e1rios responderam ao question\u00e1rio e feitos v\u00e1rios recortes na pesquisa, que aponta maior incid\u00eancia de diagn\u00f3stico positivo de Covid-19 (38%) entre os que permaneceram no trabalho presencial do que entre aqueles que passaram a modalidade em home office (23%). Chamou a aten\u00e7\u00e3o o fato de que o banco que menos colocou trabalhadores em teletrabalho foi o que mais teve registros de contamina\u00e7\u00e3o.<\/p>\n<p><strong>Fonte: Contraf-CUT<\/strong><\/p>\n","protected":false},"excerpt":{"rendered":"<p>O banco Santander comunicou clientes que, a partir de segunda-feira (4), suas \u201clojas\u201d voltar\u00e3o a atender o p\u00fablico at\u00e9 \u00e0s 16h. Os gestores foram orientados a, nesta quinta-feira (30), afixar cartazes informando a altera\u00e7\u00e3o do hor\u00e1rio, que volta a ser o mesmo de antes da pandemia: das 9h \u00e0s 10h para atendimento exclusivo para o [&hellip;]<\/p>\n","protected":false},"author":2,"featured_media":11548,"comment_status":"","ping_status":"","sticky":false,"template":"","format":"standard","meta":{"footnotes":""},"categories":[3],"tags":[],"class_list":["post-11549","post","type-post","status-publish","format-standard","has-post-thumbnail","hentry","category-noticias"],"_links":{"self":[{"href":"https:\/\/hostnetart.com.br\/baixada\/wp-json\/wp\/v2\/posts\/11549","targetHints":{"allow":["GET"]}}],"collection":[{"href":"https:\/\/hostnetart.com.br\/baixada\/wp-json\/wp\/v2\/posts"}],"about":[{"href":"https:\/\/hostnetart.com.br\/baixada\/wp-json\/wp\/v2\/types\/post"}],"author":[{"embeddable":true,"href":"https:\/\/hostnetart.com.br\/baixada\/wp-json\/wp\/v2\/users\/2"}],"replies":[{"embeddable":true,"href":"https:\/\/hostnetart.com.br\/baixada\/wp-json\/wp\/v2\/comments?post=11549"}],"version-history":[{"count":0,"href":"https:\/\/hostnetart.com.br\/baixada\/wp-json\/wp\/v2\/posts\/11549\/revisions"}],"wp:featuredmedia":[{"embeddable":true,"href":"https:\/\/hostnetart.com.br\/baixada\/wp-json\/wp\/v2\/media\/11548"}],"wp:attachment":[{"href":"https:\/\/hostnetart.com.br\/baixada\/wp-json\/wp\/v2\/media?parent=11549"}],"wp:term":[{"taxonomy":"category","embeddable":true,"href":"https:\/\/hostnetart.com.br\/baixada\/wp-json\/wp\/v2\/categories?post=11549"},{"taxonomy":"post_tag","embeddable":true,"href":"https:\/\/hostnetart.com.br\/baixada\/wp-json\/wp\/v2\/tags?post=11549"}],"curies":[{"name":"wp","href":"https:\/\/api.w.org\/{rel}","templated":true}]}}