{"id":11547,"date":"2021-09-30T16:26:28","date_gmt":"2021-09-30T19:26:28","guid":{"rendered":"https:\/\/hostnetart.com.br\/baixada\/brasil-esta-mais-vulneravel-diante-de-turbulencias-externas-alerta-dieese\/"},"modified":"2021-09-30T16:26:28","modified_gmt":"2021-09-30T19:26:28","slug":"brasil-esta-mais-vulneravel-diante-de-turbulencias-externas-alerta-dieese","status":"publish","type":"post","link":"https:\/\/hostnetart.com.br\/baixada\/brasil-esta-mais-vulneravel-diante-de-turbulencias-externas-alerta-dieese\/","title":{"rendered":"Brasil est\u00e1 mais vulner\u00e1vel diante de turbul\u00eancias externas, alerta Dieese"},"content":{"rendered":"<div class=\"o9v6fnle cxmmr5t8 oygrvhab hcukyx3x c1et5uql ii04i59q\">\u00a0<\/div>\n<div class=\"o9v6fnle cxmmr5t8 oygrvhab hcukyx3x c1et5uql ii04i59q\">\u00a0<\/div>\n<div class=\"o9v6fnle cxmmr5t8 oygrvhab hcukyx3x c1et5uql ii04i59q\">\n<div dir=\"auto\">\n<div class=\"yj6qo\">Isolado internacionalmente, o Brasil n\u00e3o conta com as ferramentas de outrora para reagir a turbul\u00eancias no mercado internacional. Nesta quarta-feira (29), as principais bolsas do planeta fecharam em queda, arrastando tamb\u00e9m o mercado brasileiro. Diante das incertezas em rela\u00e7\u00e3o \u00e0 recupera\u00e7\u00e3o da economia dos Estados Unidos e com a alta dos derivados do petr\u00f3leo, que afetam todos os demais pa\u00edses, os brasileiros sofrem com a alta generalizada dos pre\u00e7os.<\/p>\n<p>Para o diretor t\u00e9cnico do Dieese, Fausto Augusto Junior, falta ao Brasil um projeto aut\u00f4nomo de desenvolvimento. Em entrevista a Glauco Faria, no\u00a0<em><a href=\"https:\/\/www.youtube.com\/watch?v=yc1dL6Ud9wg\">Jornal Brasil Atual<\/a><\/em>, nesta quinta (30), ele relacionou as flutua\u00e7\u00f5es nos mercados internacionais ao receio de que as economias centrais cres\u00e7am menos do que o esperado.<\/p>\n<p>\u201cNo mundo, as coisas n\u00e3o est\u00e3o correndo t\u00e3o bem como muita gente imaginava. A conta da pandemia n\u00e3o vai sair barata. \u00c9 um cen\u00e1rio internacional bastante delicado, de muita inseguran\u00e7a ainda. No Brasil, estamos bem longe de construir pontes efetivas para sair deste momento\u201d, afirmou.<\/p>\n<p>\u201cOu seja, a depender do que acontece no cen\u00e1rio internacional, qualquer solu\u00e7o no mundo vira tsunami aqui no Brasil. \u00c9 o que n\u00f3s estamos assistindo agora\u201d, acrescentou.<\/p>\n<h2><span style=\"text-decoration: underline;\">Custo da crise<\/span><\/h2>\n<p>Diante dessas incertezas, al\u00e9m da alta do petr\u00f3leo, o Brasil enfrenta a desvaloriza\u00e7\u00e3o do real frente ao d\u00f3lar. \u00c9 o que explica a alta dos pre\u00e7os, principalmente dos\u00a0<a href=\"https:\/\/www.redebrasilatual.com.br\/politica\/2021\/09\/ante-proposta-de-mudanca-do-icms-governadores-defendem-ampla-reforma-tributaria\/\">combust\u00edveis<\/a>\u00a0e dos alimentos. \u201cQuem paga o pre\u00e7o, principalmente, s\u00e3o os mais pobres\u201d, destacou Fausto<\/p>\n<p>Nesse sentido, ele afirmou que a decis\u00e3o do Banco Central de elevar a taxa b\u00e1sica de juros (a Selic) contribui para o \u201c<a href=\"https:\/\/www.redebrasilatual.com.br\/economia\/2021\/09\/alta-de-juros-nao-deve-conter-inflacao-e-esfria-a-economia-alerta-dieese\/\">esfriamento<\/a>\u201d ainda mais acentuado da economia brasileira. A eleva\u00e7\u00e3o dos juros n\u00e3o tem o efeito pretendido sobre a infla\u00e7\u00e3o. Tamb\u00e9m n\u00e3o serve para atrair investimentos externos, dada a degrada\u00e7\u00e3o da imagem do pa\u00eds no cen\u00e1rio internacional. A principal consequ\u00eancia \u00e9 o encarecimento do cr\u00e9dito para fam\u00edlias e empresas.<\/p>\n<h2><span style=\"text-decoration: underline;\">Debilidades<\/span><\/h2>\n<p>Para reagir \u00e0 crise internacional de 2008\/2009, o governo Lula apostou no fortalecimento do mercado interno. Bancos p\u00fablicos baratearam o cr\u00e9dito para estimular o consumo, mantendo assim os n\u00edveis de emprego. Desde 2016, e principalmente agora, durante o governo Bolsonaro, a aposta \u00e9 em\u00a0<a href=\"https:\/\/www.redebrasilatual.com.br\/trabalho\/2019\/09\/reforma-trabalhista-a-historia-de-uma-falsa-promessa-e-as-mudancas-da-destruicao-sem-fim\/\">reformas ultraliberais<\/a>, que fragilizaram ainda mais o mercado de trabalho.<\/p>\n<p>Al\u00e9m disso, no plano internacional, optou-se por um maior alinhamento \u00e0 economia estadunidense, em vez do multilateralismo adotado no per\u00edodo anterior, segundo Fausto. Com isso, o Brasil vem enfrentando dificuldades, como nas negocia\u00e7\u00f5es do Mercosul com a Uni\u00e3o Europeia. Tamb\u00e9m perdeu protagonismo em organismos internacionais como o G20, e enfraqueceu as rela\u00e7\u00f5es com o bloco dos Brics.<\/p>\n<p><strong>Fonte: Rede Brasil Atual<\/strong><\/p>\n<\/div>\n<\/div>\n<\/div>\n","protected":false},"excerpt":{"rendered":"<p>\u00a0 \u00a0 Isolado internacionalmente, o Brasil n\u00e3o conta com as ferramentas de outrora para reagir a turbul\u00eancias no mercado internacional. Nesta quarta-feira (29), as principais bolsas do planeta fecharam em queda, arrastando tamb\u00e9m o mercado brasileiro. Diante das incertezas em rela\u00e7\u00e3o \u00e0 recupera\u00e7\u00e3o da economia dos Estados Unidos e com a alta dos derivados do [&hellip;]<\/p>\n","protected":false},"author":2,"featured_media":11546,"comment_status":"","ping_status":"","sticky":false,"template":"","format":"standard","meta":{"footnotes":""},"categories":[3],"tags":[],"class_list":["post-11547","post","type-post","status-publish","format-standard","has-post-thumbnail","hentry","category-noticias"],"_links":{"self":[{"href":"https:\/\/hostnetart.com.br\/baixada\/wp-json\/wp\/v2\/posts\/11547","targetHints":{"allow":["GET"]}}],"collection":[{"href":"https:\/\/hostnetart.com.br\/baixada\/wp-json\/wp\/v2\/posts"}],"about":[{"href":"https:\/\/hostnetart.com.br\/baixada\/wp-json\/wp\/v2\/types\/post"}],"author":[{"embeddable":true,"href":"https:\/\/hostnetart.com.br\/baixada\/wp-json\/wp\/v2\/users\/2"}],"replies":[{"embeddable":true,"href":"https:\/\/hostnetart.com.br\/baixada\/wp-json\/wp\/v2\/comments?post=11547"}],"version-history":[{"count":0,"href":"https:\/\/hostnetart.com.br\/baixada\/wp-json\/wp\/v2\/posts\/11547\/revisions"}],"wp:featuredmedia":[{"embeddable":true,"href":"https:\/\/hostnetart.com.br\/baixada\/wp-json\/wp\/v2\/media\/11546"}],"wp:attachment":[{"href":"https:\/\/hostnetart.com.br\/baixada\/wp-json\/wp\/v2\/media?parent=11547"}],"wp:term":[{"taxonomy":"category","embeddable":true,"href":"https:\/\/hostnetart.com.br\/baixada\/wp-json\/wp\/v2\/categories?post=11547"},{"taxonomy":"post_tag","embeddable":true,"href":"https:\/\/hostnetart.com.br\/baixada\/wp-json\/wp\/v2\/tags?post=11547"}],"curies":[{"name":"wp","href":"https:\/\/api.w.org\/{rel}","templated":true}]}}