{"id":11545,"date":"2021-09-30T16:23:34","date_gmt":"2021-09-30T19:23:34","guid":{"rendered":"https:\/\/hostnetart.com.br\/baixada\/negociacao-sobre-retorno-ao-trabalho-presencial-sera-nesta-sexta-1\/"},"modified":"2021-09-30T16:23:34","modified_gmt":"2021-09-30T19:23:34","slug":"negociacao-sobre-retorno-ao-trabalho-presencial-sera-nesta-sexta-1","status":"publish","type":"post","link":"https:\/\/hostnetart.com.br\/baixada\/negociacao-sobre-retorno-ao-trabalho-presencial-sera-nesta-sexta-1\/","title":{"rendered":"Negocia\u00e7\u00e3o sobre retorno ao trabalho presencial ser\u00e1 nesta sexta (1\u00ba)"},"content":{"rendered":"<p>Ser\u00e1 retomada nesta sexta-feira (1\u00ba de outubro) a Mesa Permanente de Sa\u00fade da categoria banc\u00e1ria e a Federa\u00e7\u00e3o Nacional dos Bancos (Fenaban) para definir o protocolo de seguran\u00e7a contra a Covid-19.<\/p>\n<p>A preocupa\u00e7\u00e3o de banc\u00e1rias e banc\u00e1rios \u00e9 que o retorno ao trabalho presencial aconte\u00e7a em um momento em que a pandemia n\u00e3o est\u00e1 controlada e que o ritmo de vacina\u00e7\u00e3o continua lento.<\/p>\n<p>Outra preocupa\u00e7\u00e3o dos representantes da categoria na mesa de negocia\u00e7\u00e3o \u00e9 com a volta ao presencial do grupo de risco. As sequelas dos que contra\u00edram e foram curados da doen\u00e7a \u00e9 outra quest\u00e3o que preocupa os representantes da categoria.\u00a0<\/p>\n<p><strong>Fonte: Fetraf RJ\/ES<\/strong><\/p>\n","protected":false},"excerpt":{"rendered":"<p>Ser\u00e1 retomada nesta sexta-feira (1\u00ba de outubro) a Mesa Permanente de Sa\u00fade da categoria banc\u00e1ria e a Federa\u00e7\u00e3o Nacional dos Bancos (Fenaban) para definir o protocolo de seguran\u00e7a contra a Covid-19. A preocupa\u00e7\u00e3o de banc\u00e1rias e banc\u00e1rios \u00e9 que o retorno ao trabalho presencial aconte\u00e7a em um momento em que a pandemia n\u00e3o est\u00e1 controlada [&hellip;]<\/p>\n","protected":false},"author":2,"featured_media":11544,"comment_status":"","ping_status":"","sticky":false,"template":"","format":"standard","meta":{"footnotes":""},"categories":[3],"tags":[],"class_list":["post-11545","post","type-post","status-publish","format-standard","has-post-thumbnail","hentry","category-noticias"],"_links":{"self":[{"href":"https:\/\/hostnetart.com.br\/baixada\/wp-json\/wp\/v2\/posts\/11545","targetHints":{"allow":["GET"]}}],"collection":[{"href":"https:\/\/hostnetart.com.br\/baixada\/wp-json\/wp\/v2\/posts"}],"about":[{"href":"https:\/\/hostnetart.com.br\/baixada\/wp-json\/wp\/v2\/types\/post"}],"author":[{"embeddable":true,"href":"https:\/\/hostnetart.com.br\/baixada\/wp-json\/wp\/v2\/users\/2"}],"replies":[{"embeddable":true,"href":"https:\/\/hostnetart.com.br\/baixada\/wp-json\/wp\/v2\/comments?post=11545"}],"version-history":[{"count":0,"href":"https:\/\/hostnetart.com.br\/baixada\/wp-json\/wp\/v2\/posts\/11545\/revisions"}],"wp:featuredmedia":[{"embeddable":true,"href":"https:\/\/hostnetart.com.br\/baixada\/wp-json\/wp\/v2\/media\/11544"}],"wp:attachment":[{"href":"https:\/\/hostnetart.com.br\/baixada\/wp-json\/wp\/v2\/media?parent=11545"}],"wp:term":[{"taxonomy":"category","embeddable":true,"href":"https:\/\/hostnetart.com.br\/baixada\/wp-json\/wp\/v2\/categories?post=11545"},{"taxonomy":"post_tag","embeddable":true,"href":"https:\/\/hostnetart.com.br\/baixada\/wp-json\/wp\/v2\/tags?post=11545"}],"curies":[{"name":"wp","href":"https:\/\/api.w.org\/{rel}","templated":true}]}}