{"id":11543,"date":"2021-09-30T15:00:03","date_gmt":"2021-09-30T18:00:03","guid":{"rendered":"https:\/\/hostnetart.com.br\/baixada\/depois-de-convite-atabalhoado-funcionarios-garantem-negociacao-para-retorno-ao-trabalho-presencial-no-bb\/"},"modified":"2021-09-30T15:00:03","modified_gmt":"2021-09-30T18:00:03","slug":"depois-de-convite-atabalhoado-funcionarios-garantem-negociacao-para-retorno-ao-trabalho-presencial-no-bb","status":"publish","type":"post","link":"https:\/\/hostnetart.com.br\/baixada\/depois-de-convite-atabalhoado-funcionarios-garantem-negociacao-para-retorno-ao-trabalho-presencial-no-bb\/","title":{"rendered":"Depois de convite atabalhoado, funcion\u00e1rios garantem negocia\u00e7\u00e3o para retorno ao trabalho presencial no BB"},"content":{"rendered":"<p>A Comiss\u00e3o de Empresa dos Funcion\u00e1rios do Banco do Brasil (CEBB) se re\u00fane, na tarde desta quinta-feira (30), com a dire\u00e7\u00e3o do Banco do Brasil para negociar o retorno ao trabalho presencial. A reuni\u00e3o \u00e9 uma reivindica\u00e7\u00e3o da representa\u00e7\u00e3o dos funcion\u00e1rios desde que o Banco do Brasil come\u00e7ou a emitir convite para os trabalhadores se voluntariarem a voltarem a trabalhar presencialmente.<\/p>\n<p>\u201cEsta negocia\u00e7\u00e3o e fundamental para criarmos um protocolo com medidas que garantam a sa\u00fade e a seguran\u00e7a dos trabalhadores\u201d, afirmou o coordenador da CEBB, Jo\u00e3o Fukunaga. \u201cN\u00f3s acreditamos que ainda n\u00e3o \u00e9 o momento para a volta de todos os trabalhadores, principalmente os do grupo de risco, mas faremos o poss\u00edvel para preservar a vida dos funcion\u00e1rios do banco do Brasil\u201d, completou.<\/p>\n<p>\u201cO convite foi feito pelo Banco sem qualquer negocia\u00e7\u00e3o com os representantes dos trabalhadores, de forma desorganizada, inclusive com funcion\u00e1rios sendo convocados e depois enviados novamente para o trabalho remoto\u201d, lamentou Kleytton Moraes, presidente do Sindicato dos Banc\u00e1rios de Bras\u00edlia e membro da CEBB. \u201cPrecisamos estabelecer par\u00e2metros. N\u00e3o podemos colocar os trabalhadores em risco e contar com o bom senso de cada gestor, muitos que s\u00f3 mudam de postura ap\u00f3s press\u00e3o dos Sindicatos\u201d, finalizou.<\/p>\n<p><strong>Fonte: Contraf-CUT<\/strong><\/p>\n","protected":false},"excerpt":{"rendered":"<p>A Comiss\u00e3o de Empresa dos Funcion\u00e1rios do Banco do Brasil (CEBB) se re\u00fane, na tarde desta quinta-feira (30), com a dire\u00e7\u00e3o do Banco do Brasil para negociar o retorno ao trabalho presencial. A reuni\u00e3o \u00e9 uma reivindica\u00e7\u00e3o da representa\u00e7\u00e3o dos funcion\u00e1rios desde que o Banco do Brasil come\u00e7ou a emitir convite para os trabalhadores se [&hellip;]<\/p>\n","protected":false},"author":2,"featured_media":11542,"comment_status":"","ping_status":"","sticky":false,"template":"","format":"standard","meta":{"footnotes":""},"categories":[3],"tags":[],"class_list":["post-11543","post","type-post","status-publish","format-standard","has-post-thumbnail","hentry","category-noticias"],"_links":{"self":[{"href":"https:\/\/hostnetart.com.br\/baixada\/wp-json\/wp\/v2\/posts\/11543","targetHints":{"allow":["GET"]}}],"collection":[{"href":"https:\/\/hostnetart.com.br\/baixada\/wp-json\/wp\/v2\/posts"}],"about":[{"href":"https:\/\/hostnetart.com.br\/baixada\/wp-json\/wp\/v2\/types\/post"}],"author":[{"embeddable":true,"href":"https:\/\/hostnetart.com.br\/baixada\/wp-json\/wp\/v2\/users\/2"}],"replies":[{"embeddable":true,"href":"https:\/\/hostnetart.com.br\/baixada\/wp-json\/wp\/v2\/comments?post=11543"}],"version-history":[{"count":0,"href":"https:\/\/hostnetart.com.br\/baixada\/wp-json\/wp\/v2\/posts\/11543\/revisions"}],"wp:featuredmedia":[{"embeddable":true,"href":"https:\/\/hostnetart.com.br\/baixada\/wp-json\/wp\/v2\/media\/11542"}],"wp:attachment":[{"href":"https:\/\/hostnetart.com.br\/baixada\/wp-json\/wp\/v2\/media?parent=11543"}],"wp:term":[{"taxonomy":"category","embeddable":true,"href":"https:\/\/hostnetart.com.br\/baixada\/wp-json\/wp\/v2\/categories?post=11543"},{"taxonomy":"post_tag","embeddable":true,"href":"https:\/\/hostnetart.com.br\/baixada\/wp-json\/wp\/v2\/tags?post=11543"}],"curies":[{"name":"wp","href":"https:\/\/api.w.org\/{rel}","templated":true}]}}