{"id":1154,"date":"2014-05-05T00:00:00","date_gmt":"2014-05-05T03:00:00","guid":{"rendered":"https:\/\/hostnetart.com.br\/baixada\/abaixo-assinado-de-clientes-quer-mais-contratacoes-no-santander\/"},"modified":"2014-05-05T00:00:00","modified_gmt":"2014-05-05T03:00:00","slug":"abaixo-assinado-de-clientes-quer-mais-contratacoes-no-santander","status":"publish","type":"post","link":"https:\/\/hostnetart.com.br\/baixada\/abaixo-assinado-de-clientes-quer-mais-contratacoes-no-santander\/","title":{"rendered":"Abaixo-assinado de clientes quer mais contrata\u00e7\u00f5es no Santander"},"content":{"rendered":"<p>O Sindicato dos Banc\u00e1rios de S\u00e3o Paulo levou \u00e0 Superintend\u00eancia Regional SP-Tatuap\u00e9, do Santander, um abaixo-assinado com a ades\u00e3o de 300 clientes por mais funcion\u00e1rios em ag\u00eancia do Jardim Aricanduva. \u201cO pr\u00f3ximo passo ser\u00e1 levar a reivindica\u00e7\u00e3o dos clientes \u00e0 diretoria do banco\u201d, informou o diretor do Sindicato, Marcelo S\u00e1, que entregou o documento na quarta-feira 30.<\/p>\n<p>O abaixo-assinado \u00e9 fruto de um protesto do Sindicato em frente \u00e0 ag\u00eancia, no dia 7 de abril. \u201cUsu\u00e1rios e correntistas aderiram porque concordam com nossa luta por mais contrata\u00e7\u00f5es. Eles querem respeito e atendimento de qualidade. Est\u00e3o cansados de esperar muito tempo nas filas e sabem que os trabalhadores n\u00e3o s\u00e3o os culpados, mas sim a empresa, que est\u00e1 demitindo e fechando ag\u00eancias\u201d, critica Marcelo.<\/p>\n<p>O problema na unidade Jardim Aricanduva piorou quando o Santander encerrou as atividades da ag\u00eancia Rio das Pedras, que dividia com a primeira o atendimento na regi\u00e3o. Depois disso foram pelo menos mais 2 mil correntistas. \u201cMas o problema n\u00e3o \u00e9 apenas desse local. \u00c9 geral. Os funcion\u00e1rios est\u00e3o sobrecarregados e adoecendo por conta do corte de empregos\u201d, ressalta o dirigente.<\/p>\n<p><strong>Desemprego\u00a0<\/strong><\/p>\n<p>A pol\u00edtica de elimina\u00e7\u00e3o de postos de trabalho do Santander continua acelerada. O banco eliminou 970 vagas entre janeiro e mar\u00e7o e 4.833 em 12 meses, segundo informa\u00e7\u00f5es divulgadas no balan\u00e7o do primeiro trimestre do ano.<\/p>\n<p>Os dados do balan\u00e7o mostram ainda que a unidade no Rio das Pedras faz parte de uma lista extensa: s\u00f3 nos primeiros tr\u00eas meses do ano foram fechadas 58 ag\u00eancias, e um total de 150 entre mar\u00e7o de 2013 e mar\u00e7o de 2014.<\/p>\n<p>Fonte: Seeb S\u00e3o Paulo<\/p>\n","protected":false},"excerpt":{"rendered":"<p>O Sindicato dos Banc\u00e1rios de S\u00e3o Paulo levou \u00e0 Superintend\u00eancia Regional SP-Tatuap\u00e9, do Santander, um abaixo-assinado com a ades\u00e3o de 300 clientes por mais funcion\u00e1rios em ag\u00eancia do Jardim Aricanduva. \u201cO pr\u00f3ximo passo ser\u00e1 levar a reivindica\u00e7\u00e3o dos clientes \u00e0 diretoria do banco\u201d, informou o diretor do Sindicato, Marcelo S\u00e1, que entregou o documento na [&hellip;]<\/p>\n","protected":false},"author":1,"featured_media":0,"comment_status":"","ping_status":"","sticky":false,"template":"","format":"standard","meta":{"footnotes":""},"categories":[3],"tags":[],"class_list":["post-1154","post","type-post","status-publish","format-standard","hentry","category-noticias"],"_links":{"self":[{"href":"https:\/\/hostnetart.com.br\/baixada\/wp-json\/wp\/v2\/posts\/1154","targetHints":{"allow":["GET"]}}],"collection":[{"href":"https:\/\/hostnetart.com.br\/baixada\/wp-json\/wp\/v2\/posts"}],"about":[{"href":"https:\/\/hostnetart.com.br\/baixada\/wp-json\/wp\/v2\/types\/post"}],"author":[{"embeddable":true,"href":"https:\/\/hostnetart.com.br\/baixada\/wp-json\/wp\/v2\/users\/1"}],"replies":[{"embeddable":true,"href":"https:\/\/hostnetart.com.br\/baixada\/wp-json\/wp\/v2\/comments?post=1154"}],"version-history":[{"count":0,"href":"https:\/\/hostnetart.com.br\/baixada\/wp-json\/wp\/v2\/posts\/1154\/revisions"}],"wp:attachment":[{"href":"https:\/\/hostnetart.com.br\/baixada\/wp-json\/wp\/v2\/media?parent=1154"}],"wp:term":[{"taxonomy":"category","embeddable":true,"href":"https:\/\/hostnetart.com.br\/baixada\/wp-json\/wp\/v2\/categories?post=1154"},{"taxonomy":"post_tag","embeddable":true,"href":"https:\/\/hostnetart.com.br\/baixada\/wp-json\/wp\/v2\/tags?post=1154"}],"curies":[{"name":"wp","href":"https:\/\/api.w.org\/{rel}","templated":true}]}}