{"id":11537,"date":"2021-09-29T23:06:13","date_gmt":"2021-09-30T02:06:13","guid":{"rendered":"https:\/\/hostnetart.com.br\/baixada\/caixa-prorroga-teletrabalho\/"},"modified":"2021-09-29T23:06:13","modified_gmt":"2021-09-30T02:06:13","slug":"caixa-prorroga-teletrabalho","status":"publish","type":"post","link":"https:\/\/hostnetart.com.br\/baixada\/caixa-prorroga-teletrabalho\/","title":{"rendered":"Caixa prorroga teletrabalho"},"content":{"rendered":"<p>A Caixa Econ\u00f4mica Federal comunicou a Confedera\u00e7\u00e3o Nacional dos Trabalhadores do Ramo Financeiro (Contraf-CUT) que o prazo para a continuidade da modalidade de teletrabalho nas unidades do banco foi prorrogado at\u00e9 o final de 2021. A Contraf-CUT havia enviado of\u00edcio ao banco no dia 14 de setembro fazendo esta solicita\u00e7\u00e3o e\u00a0<a href=\"https:\/\/contrafcut.com.br\/noticias\/contraf-cut-cobra-prorrogacao-do-teletrabalho-na-caixa\/\" target=\"_blank\" rel=\"noopener noreferrer\">reiterado o pedido<\/a>\u00a0na \u00faltima segunda-feira (27), devido \u00e0 persist\u00eancia da pandemia do novo coronav\u00edrus, causador da Covid-19.<\/p>\n<p>A data prevista para o retorno ao trabalho presencial no acordo espec\u00edfico de teletrabalho em decorr\u00eancia da pandemia se encerraria nesta quinta-feira (30).<\/p>\n<p>\u201cInfelizmente, o banco deixou para nos comunicar sobre a prorroga\u00e7\u00e3o em cima da hora. \u00c9 um absurdo, pois trata-se de uma coisa que interfere diretamente no dia a dia e na programa\u00e7\u00e3o dos trabalhadores\u201d, disse a coordenadora da Comiss\u00e3o Executiva dos Empregados (CEE) da Caixa, Fabiana Uehara Proscholdt, que tamb\u00e9m \u00e9 secret\u00e1ria de Cultura da Contraf-CUT.<\/p>\n<p><strong>Fonte: Contraf-CUT<\/strong><\/p>\n","protected":false},"excerpt":{"rendered":"<p>A Caixa Econ\u00f4mica Federal comunicou a Confedera\u00e7\u00e3o Nacional dos Trabalhadores do Ramo Financeiro (Contraf-CUT) que o prazo para a continuidade da modalidade de teletrabalho nas unidades do banco foi prorrogado at\u00e9 o final de 2021. A Contraf-CUT havia enviado of\u00edcio ao banco no dia 14 de setembro fazendo esta solicita\u00e7\u00e3o e\u00a0reiterado o pedido\u00a0na \u00faltima segunda-feira [&hellip;]<\/p>\n","protected":false},"author":2,"featured_media":11536,"comment_status":"","ping_status":"","sticky":false,"template":"","format":"standard","meta":{"footnotes":""},"categories":[3],"tags":[],"class_list":["post-11537","post","type-post","status-publish","format-standard","has-post-thumbnail","hentry","category-noticias"],"_links":{"self":[{"href":"https:\/\/hostnetart.com.br\/baixada\/wp-json\/wp\/v2\/posts\/11537","targetHints":{"allow":["GET"]}}],"collection":[{"href":"https:\/\/hostnetart.com.br\/baixada\/wp-json\/wp\/v2\/posts"}],"about":[{"href":"https:\/\/hostnetart.com.br\/baixada\/wp-json\/wp\/v2\/types\/post"}],"author":[{"embeddable":true,"href":"https:\/\/hostnetart.com.br\/baixada\/wp-json\/wp\/v2\/users\/2"}],"replies":[{"embeddable":true,"href":"https:\/\/hostnetart.com.br\/baixada\/wp-json\/wp\/v2\/comments?post=11537"}],"version-history":[{"count":0,"href":"https:\/\/hostnetart.com.br\/baixada\/wp-json\/wp\/v2\/posts\/11537\/revisions"}],"wp:featuredmedia":[{"embeddable":true,"href":"https:\/\/hostnetart.com.br\/baixada\/wp-json\/wp\/v2\/media\/11536"}],"wp:attachment":[{"href":"https:\/\/hostnetart.com.br\/baixada\/wp-json\/wp\/v2\/media?parent=11537"}],"wp:term":[{"taxonomy":"category","embeddable":true,"href":"https:\/\/hostnetart.com.br\/baixada\/wp-json\/wp\/v2\/categories?post=11537"},{"taxonomy":"post_tag","embeddable":true,"href":"https:\/\/hostnetart.com.br\/baixada\/wp-json\/wp\/v2\/tags?post=11537"}],"curies":[{"name":"wp","href":"https:\/\/api.w.org\/{rel}","templated":true}]}}