{"id":11535,"date":"2021-09-29T19:03:45","date_gmt":"2021-09-29T22:03:45","guid":{"rendered":"https:\/\/hostnetart.com.br\/baixada\/movimento-sindical-bancario-cobra-prorrogacao-do-teletrabalho-na-caixa\/"},"modified":"2021-09-29T19:03:45","modified_gmt":"2021-09-29T22:03:45","slug":"movimento-sindical-bancario-cobra-prorrogacao-do-teletrabalho-na-caixa","status":"publish","type":"post","link":"https:\/\/hostnetart.com.br\/baixada\/movimento-sindical-bancario-cobra-prorrogacao-do-teletrabalho-na-caixa\/","title":{"rendered":"Movimento Sindical Banc\u00e1rio cobra prorroga\u00e7\u00e3o do teletrabalho na Caixa"},"content":{"rendered":"<p>Em of\u00edcio enviado \u00e0 Caixa Econ\u00f4mica Federal na segunda-feira (27), a Confedera\u00e7\u00e3o Nacional dos Trabalhadores do Ramo Financeiro (Contraf-CUT) reiterou a solicita\u00e7\u00e3o que j\u00e1 havia feito no dia 14 de setembro, de prorroga\u00e7\u00e3o da modalidade de teletrabalho nas unidades do banco em face da persistente pandemia do novo coronav\u00edrus, causador da Covid-19. A data prevista para o retorno ao trabalho presencial no acordo espec\u00edfico de teletrabalho em decorr\u00eancia da pandemia se encerra nesta quinta-feira (30).<\/p>\n<p>\u201c\u00c9 um absurdo que a Caixa s\u00f3 divulgue uma coisa como esta, que interfere diretamente no dia a dia e na programa\u00e7\u00e3o dos trabalhadores nos \u00faltimos dias. \u00c9 muito descaso com os empregados\u201d, disse a coordenadora da Comiss\u00e3o Executiva dos Empregados (CEE) da Caixa, Fabiana Uehara Proscholdt, que tamb\u00e9m \u00e9 secret\u00e1ria de Cultura da Contraf-CUT.<\/p>\n<p>Em seu of\u00edcio, a Contraf-CUT ressalta que \u201c\u00e9 de conhecimento o elevado n\u00famero de casos de contamina\u00e7\u00e3o e de adoecimento no pa\u00eds, levando a centenas de \u00f3bitos di\u00e1rios, o que nos obriga \u00e0 manuten\u00e7\u00e3o das medidas preventivas ao cont\u00e1gio, com distanciamento pessoal, a redu\u00e7\u00e3o da concentra\u00e7\u00e3o de pessoas em ambientes fechados e pouco ventilados e a constante orienta\u00e7\u00e3o \u00e0 higieniza\u00e7\u00e3o com uso dos insumos indicados pelas autoridades sanit\u00e1rias.\u201d<\/p>\n<p>O texto diz ainda que a modalidade de teletrabalho adotada pelas institui\u00e7\u00f5es financeiras, a partir de negocia\u00e7\u00f5es coletivas entre as partes, tem se mostrado de relevante efetividade e sua manuten\u00e7\u00e3o deve ser parte da pol\u00edtica de mitiga\u00e7\u00e3o do cont\u00e1gio do novo coronav\u00edrus e suas variantes conhecidas.<\/p>\n<p><strong>Fonte: Contraf-CUT<\/strong><\/p>\n","protected":false},"excerpt":{"rendered":"<p>Em of\u00edcio enviado \u00e0 Caixa Econ\u00f4mica Federal na segunda-feira (27), a Confedera\u00e7\u00e3o Nacional dos Trabalhadores do Ramo Financeiro (Contraf-CUT) reiterou a solicita\u00e7\u00e3o que j\u00e1 havia feito no dia 14 de setembro, de prorroga\u00e7\u00e3o da modalidade de teletrabalho nas unidades do banco em face da persistente pandemia do novo coronav\u00edrus, causador da Covid-19. A data prevista [&hellip;]<\/p>\n","protected":false},"author":2,"featured_media":11534,"comment_status":"","ping_status":"","sticky":false,"template":"","format":"standard","meta":{"footnotes":""},"categories":[3],"tags":[],"class_list":["post-11535","post","type-post","status-publish","format-standard","has-post-thumbnail","hentry","category-noticias"],"_links":{"self":[{"href":"https:\/\/hostnetart.com.br\/baixada\/wp-json\/wp\/v2\/posts\/11535","targetHints":{"allow":["GET"]}}],"collection":[{"href":"https:\/\/hostnetart.com.br\/baixada\/wp-json\/wp\/v2\/posts"}],"about":[{"href":"https:\/\/hostnetart.com.br\/baixada\/wp-json\/wp\/v2\/types\/post"}],"author":[{"embeddable":true,"href":"https:\/\/hostnetart.com.br\/baixada\/wp-json\/wp\/v2\/users\/2"}],"replies":[{"embeddable":true,"href":"https:\/\/hostnetart.com.br\/baixada\/wp-json\/wp\/v2\/comments?post=11535"}],"version-history":[{"count":0,"href":"https:\/\/hostnetart.com.br\/baixada\/wp-json\/wp\/v2\/posts\/11535\/revisions"}],"wp:featuredmedia":[{"embeddable":true,"href":"https:\/\/hostnetart.com.br\/baixada\/wp-json\/wp\/v2\/media\/11534"}],"wp:attachment":[{"href":"https:\/\/hostnetart.com.br\/baixada\/wp-json\/wp\/v2\/media?parent=11535"}],"wp:term":[{"taxonomy":"category","embeddable":true,"href":"https:\/\/hostnetart.com.br\/baixada\/wp-json\/wp\/v2\/categories?post=11535"},{"taxonomy":"post_tag","embeddable":true,"href":"https:\/\/hostnetart.com.br\/baixada\/wp-json\/wp\/v2\/tags?post=11535"}],"curies":[{"name":"wp","href":"https:\/\/api.w.org\/{rel}","templated":true}]}}