{"id":11533,"date":"2021-09-29T19:02:00","date_gmt":"2021-09-29T22:02:00","guid":{"rendered":"https:\/\/hostnetart.com.br\/baixada\/bancarios-negociam-protocolo-de-prevencao-para-retorno-ao-trabalho-presencial-no-itau\/"},"modified":"2021-09-29T19:02:00","modified_gmt":"2021-09-29T22:02:00","slug":"bancarios-negociam-protocolo-de-prevencao-para-retorno-ao-trabalho-presencial-no-itau","status":"publish","type":"post","link":"https:\/\/hostnetart.com.br\/baixada\/bancarios-negociam-protocolo-de-prevencao-para-retorno-ao-trabalho-presencial-no-itau\/","title":{"rendered":"Banc\u00e1rios negociam protocolo de preven\u00e7\u00e3o para retorno ao trabalho presencial no Ita\u00fa"},"content":{"rendered":"<p>A Comiss\u00e3o de Organiza\u00e7\u00e3o dos Empregados (COE) do Ita\u00fa e membros do Grupo de Trabalho (GT) de Sa\u00fade do Ita\u00fa se reuniram com a dire\u00e7\u00e3o do banco, na tarde desta ter\u00e7a-feira (28), para negociar o retorno ao trabalho presencial dos trabalhadores que est\u00e3o em home office, comunicado pelo Ita\u00fa no \u00faltimo dia 14 de setembro.<\/p>\n<p>Os representantes dos trabalhadores refor\u00e7aram que a pandemia do coronav\u00edrus (Covid-19) continua em ritmo crescente, com m\u00e9dia de mortes acima de 500 casos por dia, e com a variante Delta, de alta transmissibilidade, predominando em v\u00e1rios estados. \u201cO ritmo da vacina\u00e7\u00e3o ainda est\u00e1 longe do esperado e n\u00e3o atingiu os 70% de imuniza\u00e7\u00e3o com as duas doses. Portanto, com certeza, v\u00e1rios trabalhadores ainda n\u00e3o tomaram a segunda dose da vacina, ou seja, n\u00e3o est\u00e3o completamente imunizados\u201d, critica Jair Alves, coordenador da COE Ita\u00fa, ao afirmar que nenhum trabalhador dever\u00e1 retornar sem a comprova\u00e7\u00e3o das doses da vacina, com o respeito aos 15 dias ap\u00f3s a segunda dose.<\/p>\n<p>Durante a reuni\u00e3o, o movimento sindical apontou que o retorno de v\u00e1rios trabalhadores ao trabalho presencial aumenta a concentra\u00e7\u00e3o de pessoas e o risco de aglomera\u00e7\u00e3o nos pr\u00e9dios e ag\u00eancias, al\u00e9m de compartilharem o mesmo ambiente, tais como banheiros e cozinhas. Por isso, o uso de m\u00e1scaras tem de ser obrigat\u00f3rio, al\u00e9m do fornecimento destes equipamentos de prote\u00e7\u00e3o individual (EPI) por parte da empresa e da sanitiza\u00e7\u00e3o dos ambientes de trabalho, de acordo com as determina\u00e7\u00f5es da Organiza\u00e7\u00e3o Mundial de Sa\u00fade (OMS) e do Minist\u00e9rio da Sa\u00fade.<\/p>\n<p>No encontro, a COE Ita\u00fa e os membro do GT de Sa\u00fade entregaram um<a href=\"https:\/\/contrafcut.com.br\/wp-content\/uploads\/2021\/09\/of-21721-protocolo-de-prevencao-ao-contagio-covid19.pdf\" target=\"_blank\" rel=\"noopener noreferrer\">\u00a0texto de sugest\u00e3o do protocolo de preven\u00e7\u00e3o da Covid-19<\/a>, neste momento de retorno ao trabalho presencial. \u201cEste documento trata uma preocupa\u00e7\u00e3o nossa com os trabalhadores, os terceirizados, prestadores de servi\u00e7os e tamb\u00e9m com os clientes, que estar\u00e3o cada vez mais presentes nos locais de atendimento\u201d, afirmou Luciana Duarte, coordenadora do GT de Sa\u00fade.<\/p>\n<p>Entre os principais pontos do\u00a0<a href=\"https:\/\/contrafcut.com.br\/wp-content\/uploads\/2021\/09\/of-21721-protocolo-de-prevencao-ao-contagio-covid19.pdf\" target=\"_blank\" rel=\"noopener noreferrer\">documento<\/a>\u00a0est\u00e1 a reivindica\u00e7\u00e3o da realiza\u00e7\u00e3o de exames m\u00e9dicos de retorno ao trabalho para avalia\u00e7\u00e3o dos trabalhadores que voltarem ao trabalho presencial, no qual a indica\u00e7\u00e3o do m\u00e9dico assistente dever\u00e1 ser levada em considera\u00e7\u00e3o, assim como foi feito com a implementa\u00e7\u00e3o da portaria 20. Dever\u00e1 ser considerada tamb\u00e9m a avalia\u00e7\u00e3o m\u00e9dica, com acompanhamento pela medicina ocupacional do banco, tanto dos casos de retorno, como para os trabalhadores que j\u00e1 est\u00e3o em regime presencial desde o in\u00edcio da pandemia.<\/p>\n<p>Al\u00e9m disso, os trabalhadores com hist\u00f3rico de infec\u00e7\u00e3o pela Covid-19 tamb\u00e9m dever\u00e3o ser acompanhados pela medicina ocupacional do banco, para a devida readapta\u00e7\u00e3o ao trabalho gradativo em fun\u00e7\u00e3o das poss\u00edveis sequelas da doen\u00e7a, que podem comprometer a sa\u00fade f\u00edsica e mental dos trabalhadores.<\/p>\n<p>\u201cAlgumas medidas t\u00eam que dar seguran\u00e7a para os trabalhadores. \u00c9 uma responsabilidade do banco. A gente precisa preservar a vida, neste momento\u201d, completou Carlos Damarindo, membro do GT de Sa\u00fade do Ita\u00fa.<\/p>\n<p><strong>Fonte: Contraf-CUT<\/strong><\/p>\n","protected":false},"excerpt":{"rendered":"<p>A Comiss\u00e3o de Organiza\u00e7\u00e3o dos Empregados (COE) do Ita\u00fa e membros do Grupo de Trabalho (GT) de Sa\u00fade do Ita\u00fa se reuniram com a dire\u00e7\u00e3o do banco, na tarde desta ter\u00e7a-feira (28), para negociar o retorno ao trabalho presencial dos trabalhadores que est\u00e3o em home office, comunicado pelo Ita\u00fa no \u00faltimo dia 14 de setembro. [&hellip;]<\/p>\n","protected":false},"author":2,"featured_media":11532,"comment_status":"","ping_status":"","sticky":false,"template":"","format":"standard","meta":{"footnotes":""},"categories":[3],"tags":[],"class_list":["post-11533","post","type-post","status-publish","format-standard","has-post-thumbnail","hentry","category-noticias"],"_links":{"self":[{"href":"https:\/\/hostnetart.com.br\/baixada\/wp-json\/wp\/v2\/posts\/11533","targetHints":{"allow":["GET"]}}],"collection":[{"href":"https:\/\/hostnetart.com.br\/baixada\/wp-json\/wp\/v2\/posts"}],"about":[{"href":"https:\/\/hostnetart.com.br\/baixada\/wp-json\/wp\/v2\/types\/post"}],"author":[{"embeddable":true,"href":"https:\/\/hostnetart.com.br\/baixada\/wp-json\/wp\/v2\/users\/2"}],"replies":[{"embeddable":true,"href":"https:\/\/hostnetart.com.br\/baixada\/wp-json\/wp\/v2\/comments?post=11533"}],"version-history":[{"count":0,"href":"https:\/\/hostnetart.com.br\/baixada\/wp-json\/wp\/v2\/posts\/11533\/revisions"}],"wp:featuredmedia":[{"embeddable":true,"href":"https:\/\/hostnetart.com.br\/baixada\/wp-json\/wp\/v2\/media\/11532"}],"wp:attachment":[{"href":"https:\/\/hostnetart.com.br\/baixada\/wp-json\/wp\/v2\/media?parent=11533"}],"wp:term":[{"taxonomy":"category","embeddable":true,"href":"https:\/\/hostnetart.com.br\/baixada\/wp-json\/wp\/v2\/categories?post=11533"},{"taxonomy":"post_tag","embeddable":true,"href":"https:\/\/hostnetart.com.br\/baixada\/wp-json\/wp\/v2\/tags?post=11533"}],"curies":[{"name":"wp","href":"https:\/\/api.w.org\/{rel}","templated":true}]}}