{"id":11529,"date":"2021-09-28T15:05:37","date_gmt":"2021-09-28T18:05:37","guid":{"rendered":"https:\/\/hostnetart.com.br\/baixada\/funcionarios-do-bb-propoem-cautela-no-retorno-ao-trabalho-presencial\/"},"modified":"2021-09-28T15:05:37","modified_gmt":"2021-09-28T18:05:37","slug":"funcionarios-do-bb-propoem-cautela-no-retorno-ao-trabalho-presencial","status":"publish","type":"post","link":"https:\/\/hostnetart.com.br\/baixada\/funcionarios-do-bb-propoem-cautela-no-retorno-ao-trabalho-presencial\/","title":{"rendered":"Funcion\u00e1rios do BB prop\u00f5em cautela no retorno ao trabalho presencial"},"content":{"rendered":"<p>Representantes dos funcion\u00e1rios do Banco do Brasil da Confedera\u00e7\u00e3o Nacional dos Trabalhadores do Ramo Financeiro (Contraf-CUT) se reuniram nesta segunda-feira (27) com a Diretoria de Pessoas (Dipes) para discutir o comunicado unilateral divulgado pelo banco sobre o retorno volunt\u00e1rio ao trabalho presencial. Ficou acertada um encontro entre Comiss\u00e3o de Empresa dos Funcion\u00e1rios do Banco do Brasil (CEBB) e o banco para debater a pauta apresentada.<\/p>\n<p>Na reuni\u00e3o, foi discutida a falta de informa\u00e7\u00f5es sobre os protocolos no local de trabalho, entre outros assuntos que vem preocupando os banc\u00e1rios do BB. Foi debatido o retorno ao trabalho dos funcion\u00e1rios que n\u00e3o s\u00e3o pertencentes ao grupo de risco.<\/p>\n<p>Os funcion\u00e1rios criticaram a falta de informa\u00e7\u00f5es sobre os protocolos de prote\u00e7\u00e3o \u00e0 Covid-19 no local de trabalho. Durante a reuni\u00e3o, foi destacada a import\u00e2ncia de o banco abrir negocia\u00e7\u00e3o com os representantes dos trabalhadores.<\/p>\n<p>\u201cRefor\u00e7amos a import\u00e2ncia do n\u00e3o retorno ao trabalho presencial de banc\u00e1rios de grupo de risco e dos funcion\u00e1rios que ainda n\u00e3o completaram o sistema vacinal\u201d, destacou Fernanda Lopes, secret\u00e1ria de Juventude e representante da Confedera\u00e7\u00e3o Nacional dos Trabalhadores do Ramo Financeiro (Contraf-CUT) nas negocia\u00e7\u00f5es com o BB.<\/p>\n<p>\u201cOs dirigentes registraram os inc\u00f4modos e inconvenientes que a medida gerou entre os trabalhadores. Ao mesmo tempo, comunicaram as aus\u00eancias de protocolos de seguran\u00e7a adequados \u00e0 nova situa\u00e7\u00e3o que foram verificados pelos dirigentes sindicais nas visitas aos locais de trabalho ao longo da semana passada e nesta segunda-feira.\u201d, afirmou Kleytton Moraes, presidente do Sindicato dos Banc\u00e1rios de Bras\u00edlia.<\/p>\n<p><strong>Fonte: Contraf-CUT<\/strong><\/p>\n","protected":false},"excerpt":{"rendered":"<p>Representantes dos funcion\u00e1rios do Banco do Brasil da Confedera\u00e7\u00e3o Nacional dos Trabalhadores do Ramo Financeiro (Contraf-CUT) se reuniram nesta segunda-feira (27) com a Diretoria de Pessoas (Dipes) para discutir o comunicado unilateral divulgado pelo banco sobre o retorno volunt\u00e1rio ao trabalho presencial. Ficou acertada um encontro entre Comiss\u00e3o de Empresa dos Funcion\u00e1rios do Banco do [&hellip;]<\/p>\n","protected":false},"author":2,"featured_media":11528,"comment_status":"","ping_status":"","sticky":false,"template":"","format":"standard","meta":{"footnotes":""},"categories":[3],"tags":[],"class_list":["post-11529","post","type-post","status-publish","format-standard","has-post-thumbnail","hentry","category-noticias"],"_links":{"self":[{"href":"https:\/\/hostnetart.com.br\/baixada\/wp-json\/wp\/v2\/posts\/11529","targetHints":{"allow":["GET"]}}],"collection":[{"href":"https:\/\/hostnetart.com.br\/baixada\/wp-json\/wp\/v2\/posts"}],"about":[{"href":"https:\/\/hostnetart.com.br\/baixada\/wp-json\/wp\/v2\/types\/post"}],"author":[{"embeddable":true,"href":"https:\/\/hostnetart.com.br\/baixada\/wp-json\/wp\/v2\/users\/2"}],"replies":[{"embeddable":true,"href":"https:\/\/hostnetart.com.br\/baixada\/wp-json\/wp\/v2\/comments?post=11529"}],"version-history":[{"count":0,"href":"https:\/\/hostnetart.com.br\/baixada\/wp-json\/wp\/v2\/posts\/11529\/revisions"}],"wp:featuredmedia":[{"embeddable":true,"href":"https:\/\/hostnetart.com.br\/baixada\/wp-json\/wp\/v2\/media\/11528"}],"wp:attachment":[{"href":"https:\/\/hostnetart.com.br\/baixada\/wp-json\/wp\/v2\/media?parent=11529"}],"wp:term":[{"taxonomy":"category","embeddable":true,"href":"https:\/\/hostnetart.com.br\/baixada\/wp-json\/wp\/v2\/categories?post=11529"},{"taxonomy":"post_tag","embeddable":true,"href":"https:\/\/hostnetart.com.br\/baixada\/wp-json\/wp\/v2\/tags?post=11529"}],"curies":[{"name":"wp","href":"https:\/\/api.w.org\/{rel}","templated":true}]}}