{"id":11525,"date":"2021-09-28T14:52:43","date_gmt":"2021-09-28T17:52:43","guid":{"rendered":"https:\/\/hostnetart.com.br\/baixada\/saude-caixa-saiba-o-que-esta-em-discussao\/"},"modified":"2021-09-28T14:52:43","modified_gmt":"2021-09-28T17:52:43","slug":"saude-caixa-saiba-o-que-esta-em-discussao","status":"publish","type":"post","link":"https:\/\/hostnetart.com.br\/baixada\/saude-caixa-saiba-o-que-esta-em-discussao\/","title":{"rendered":"Sa\u00fade Caixa: Saiba o que est\u00e1 em discuss\u00e3o"},"content":{"rendered":"<p>A Comiss\u00e3o Executiva dos Empregados (CEE) da Caixa Econ\u00f4mica Federal realiza na quarta-feira (29), a partir das 19h, uma reuni\u00e3o de esclarecimentos sobre o plano de assist\u00eancia \u00e0 sa\u00fade dos trabalhadores do banco, o Sa\u00fade Caixa. O bate-papo ser\u00e1 transmitido ao vivo pelo Facebook e Youtube.<\/p>\n<p>\u201cEstamos em um processo de negocia\u00e7\u00e3o sobre o Sa\u00fade Caixa e, para evitar boatos, ou informa\u00e7\u00f5es desencontradas sobre o que est\u00e1 sendo tratado, vamos trazer como est\u00e1 a discuss\u00e3o e explicar os princ\u00edpios presentes no plano desde que ele foi criado, e que norteiam a defesa que fazemos do Sa\u00fade Caixa\u201d, explicou a coordenadora da CEE\/Caixa, Fabiana Uehara Proscholdt, que tamb\u00e9m \u00e9 secret\u00e1ria de Cultura da Confedera\u00e7\u00e3o Nacional dos Trabalhadores do Ramo Financeiro (Contraf-CUT). \u201cEsclarecer quais s\u00e3o estes princ\u00edpios e o motivo pelo qual os defendemos \u00e9 importante neste momento de negocia\u00e7\u00f5es, no qual, muitas vezes, algumas informa\u00e7\u00f5es servem apenas ao prop\u00f3sito de enfraquecer a unidade que \u00e9 necess\u00e1ria para a nossa luta\u201d, completou.<\/p>\n<h3>Unidade \u00e9 fundamental<\/h3>\n<p>Para o presidente da Associa\u00e7\u00e3o do Pessoal da Caixa do Estado de S\u00e3o Paulo, Leonardo Quadros, \u00e9 importante que os trabalhadores permane\u00e7am unidos neste momento. \u201cNossa defesa sempre foi de um modelo de custeio que mantivesse o plano economicamente vi\u00e1vel e financeiramente sustent\u00e1vel\u201d, disse. \u201cPor isso, vimos com preocupa\u00e7\u00e3o alguns movimentos da dire\u00e7\u00e3o, que tem apresentado informa\u00e7\u00f5es de maneira enviesada, levando a crer que modelos como o atual n\u00e3o seriam adequados. Na verdade, a \u00fanica forma de muitos de nossos colegas permanecerem no plano \u00e9 preservando suas premissas\u201d completou.<\/p>\n<p>\u201cEsperamos que todos empregados que puderem participem deste nosso bate-papo, com perguntas e coment\u00e1rios no Facebook e no Youtube e tenham a certeza: \u2018quem sabe mais, luta melhor\u2019\u201d, concluiu a coordenadora da CEE\/Caixa.<\/p>\n<p><strong>Fonte: Contraf-CUT<\/strong><\/p>\n","protected":false},"excerpt":{"rendered":"<p>A Comiss\u00e3o Executiva dos Empregados (CEE) da Caixa Econ\u00f4mica Federal realiza na quarta-feira (29), a partir das 19h, uma reuni\u00e3o de esclarecimentos sobre o plano de assist\u00eancia \u00e0 sa\u00fade dos trabalhadores do banco, o Sa\u00fade Caixa. O bate-papo ser\u00e1 transmitido ao vivo pelo Facebook e Youtube. \u201cEstamos em um processo de negocia\u00e7\u00e3o sobre o Sa\u00fade [&hellip;]<\/p>\n","protected":false},"author":2,"featured_media":11524,"comment_status":"","ping_status":"","sticky":false,"template":"","format":"standard","meta":{"footnotes":""},"categories":[3],"tags":[],"class_list":["post-11525","post","type-post","status-publish","format-standard","has-post-thumbnail","hentry","category-noticias"],"_links":{"self":[{"href":"https:\/\/hostnetart.com.br\/baixada\/wp-json\/wp\/v2\/posts\/11525","targetHints":{"allow":["GET"]}}],"collection":[{"href":"https:\/\/hostnetart.com.br\/baixada\/wp-json\/wp\/v2\/posts"}],"about":[{"href":"https:\/\/hostnetart.com.br\/baixada\/wp-json\/wp\/v2\/types\/post"}],"author":[{"embeddable":true,"href":"https:\/\/hostnetart.com.br\/baixada\/wp-json\/wp\/v2\/users\/2"}],"replies":[{"embeddable":true,"href":"https:\/\/hostnetart.com.br\/baixada\/wp-json\/wp\/v2\/comments?post=11525"}],"version-history":[{"count":0,"href":"https:\/\/hostnetart.com.br\/baixada\/wp-json\/wp\/v2\/posts\/11525\/revisions"}],"wp:featuredmedia":[{"embeddable":true,"href":"https:\/\/hostnetart.com.br\/baixada\/wp-json\/wp\/v2\/media\/11524"}],"wp:attachment":[{"href":"https:\/\/hostnetart.com.br\/baixada\/wp-json\/wp\/v2\/media?parent=11525"}],"wp:term":[{"taxonomy":"category","embeddable":true,"href":"https:\/\/hostnetart.com.br\/baixada\/wp-json\/wp\/v2\/categories?post=11525"},{"taxonomy":"post_tag","embeddable":true,"href":"https:\/\/hostnetart.com.br\/baixada\/wp-json\/wp\/v2\/tags?post=11525"}],"curies":[{"name":"wp","href":"https:\/\/api.w.org\/{rel}","templated":true}]}}