{"id":11521,"date":"2021-09-27T20:07:08","date_gmt":"2021-09-27T23:07:08","guid":{"rendered":"https:\/\/hostnetart.com.br\/baixada\/sindicato-dos-bancarios-da-baixada-fluminense-apoia-luiz-ricardo-maggi-para-delegado-da-cooperforte\/"},"modified":"2021-09-27T20:07:08","modified_gmt":"2021-09-27T23:07:08","slug":"sindicato-dos-bancarios-da-baixada-fluminense-apoia-luiz-ricardo-maggi-para-delegado-da-cooperforte","status":"publish","type":"post","link":"https:\/\/hostnetart.com.br\/baixada\/sindicato-dos-bancarios-da-baixada-fluminense-apoia-luiz-ricardo-maggi-para-delegado-da-cooperforte\/","title":{"rendered":"Sindicato dos Banc\u00e1rios da Baixada Fluminense apoia Luiz Ricardo Maggi para Delegado da COOPERFORTE"},"content":{"rendered":"<p>Do dia 4 de outubro ao dia 5 de novembro de 2021, ocorrer\u00e1 a elei\u00e7\u00e3o para Delegados Seccionais 2021 da\u00a0<strong>COOPERFORTE<\/strong>.<\/p>\n<p>E o Sindicato dos Banc\u00e1rios da Baixada Fluminense vem a p\u00fablico declarar seu apoio ao candidato <strong>Luiz Ricardo Maggi<\/strong>. Para votar, seu n\u00famero \u00e9: <strong>62.600<\/strong><\/p>\n<p>Os Delegados Seccionais s\u00e3o associados eleitos com a fun\u00e7\u00e3o de representar o quadro social da Cooperativa nas decis\u00f5es assembleares, por meio de voz e voto, com vistas a representar os interesses daqueles que lhe conferiram essa miss\u00e3o, contribuindo para aprimorar a governan\u00e7a da entidade frente ao mercado e assegurar a efetiva participa\u00e7\u00e3o democr\u00e1tica nas decis\u00f5es de compet\u00eancia das Assembleias Gerais.<\/p>\n<p>Divulgue e convoque seus amigos e familiares para votar no candidato que melhor ir\u00e1 representar os cooperativados.<\/p>\n<p><span style=\"text-decoration: underline;\"><strong>CONHE\u00c7A O CANDIDATO<\/strong><\/span><\/p>\n<p>Luiz Ricardo Maggi tem 61 anos de idade, aposentado da Caixa Econ\u00f4mica Federal, graduado em\u00a0Gest\u00e3o de Finan\u00e7as pela Est\u00e1cio, p\u00f3s-graduado em Finan\u00e7as pela UFRJ e p\u00f3s-graduado em Gest\u00e3o P\u00fablica pela C\u00e2ndido Mendes.<\/p>\n<p>Foi Dirigente Sindical por 5 mandatos, membro da Comiss\u00e3o de Empresa da Caixa, representando os empregados do banco, por 10 anos, diretor financeiro da APCEF\/RJ e delegado da Cooperforte Seccional Rio de Janeiro por dois mandatos,<\/p>\n<p>No ano de 2020, foi convocado pela diretoria para assumir no lugar do atual delegado.<\/p>\n<p>Maggi tem como objetivo aproximar, ainda mais, a Cooperforte dos cooperativados. E ser, atrav\u00e9s de sua forma\u00e7\u00e3o e experi\u00eancia, a voz de todos nas assembl\u00e9ias.\u00a0<\/p>\n<p><span style=\"text-decoration: underline;\"><strong>PARA VOTAR<\/strong><\/span><\/p>\n<p><strong>No APP COOPERFORTE:<\/strong><\/p>\n<ol>\n<li>Acesse o APP COOPERFORTE;<\/li>\n<li>Insira o CPF e senha da COOPERFORTE;<\/li>\n<li>Na tela ELEI\u00c7\u00c3O DE DELEGADOS 2021, voc\u00ea ter\u00e1 duas op\u00e7\u00f5es para votar:<\/li>\n<\/ol>\n<ul>\n<li>Inserir o \u201cNOME\u201d ou o \u201cN\u00daMERO\u201d de seu candidato e clicar no bot\u00e3o VOTAR ou;<\/li>\n<li>Percorrer a lista de candidatos de sua Seccional e escolher o de sua prefer\u00eancia, clicando no bot\u00e3o VOTAR, em frente ao nome do candidato escolhido;<\/li>\n<\/ul>\n<ol start=\"4\">\n<li>Ser\u00e1 exibido o NOME e o N\u00daMERO do candidato escolhido. Insira sua SENHA e clique no bot\u00e3o CONFIRMAR;<\/li>\n<li>A vota\u00e7\u00e3o est\u00e1 conclu\u00edda. Ser\u00e1 exibido o protocolo, com data e hora do registro do seu voto.\u00a0<\/li>\n<\/ol>\n<p><strong>No site de AUTOATENDIMENTO:<\/strong><\/p>\n<ol>\n<li>Acesse o site (cf.coop.br);<\/li>\n<li>Insira o CPF e senha da COOPERFORTE;<\/li>\n<li>Na tela ELEI\u00c7\u00c3O DE DELEGADOS 2021, voc\u00ea ter\u00e1 duas op\u00e7\u00f5es para votar:<\/li>\n<\/ol>\n<ul>\n<li>Inserir o \u201cNOME\u201d ou o \u201cN\u00daMERO\u201d de seu candidato e clicar no bot\u00e3o VOTAR; ou<\/li>\n<li>Percorrer a lista de candidatos de sua Seccional e escolher o de sua prefer\u00eancia, clicando no bot\u00e3o VOTAR, em frente ao nome do candidato escolhido;<\/li>\n<\/ul>\n<ol start=\"4\">\n<li>Ser\u00e1 exibido o NOME e o N\u00daMERO do candidato escolhido. Insira sua SENHA e clique no bot\u00e3o CONFIRMAR;<\/li>\n<li>A vota\u00e7\u00e3o est\u00e1 conclu\u00edda. Ser\u00e1 exibido o protocolo, com data e hora do registro do seu voto.<\/li>\n<\/ol>\n<p>\u00a0<\/p>\n","protected":false},"excerpt":{"rendered":"<p>Do dia 4 de outubro ao dia 5 de novembro de 2021, ocorrer\u00e1 a elei\u00e7\u00e3o para Delegados Seccionais 2021 da\u00a0COOPERFORTE. E o Sindicato dos Banc\u00e1rios da Baixada Fluminense vem a p\u00fablico declarar seu apoio ao candidato Luiz Ricardo Maggi. Para votar, seu n\u00famero \u00e9: 62.600 Os Delegados Seccionais s\u00e3o associados eleitos com a fun\u00e7\u00e3o de [&hellip;]<\/p>\n","protected":false},"author":2,"featured_media":11520,"comment_status":"","ping_status":"","sticky":false,"template":"","format":"standard","meta":{"footnotes":""},"categories":[3],"tags":[],"class_list":["post-11521","post","type-post","status-publish","format-standard","has-post-thumbnail","hentry","category-noticias"],"_links":{"self":[{"href":"https:\/\/hostnetart.com.br\/baixada\/wp-json\/wp\/v2\/posts\/11521","targetHints":{"allow":["GET"]}}],"collection":[{"href":"https:\/\/hostnetart.com.br\/baixada\/wp-json\/wp\/v2\/posts"}],"about":[{"href":"https:\/\/hostnetart.com.br\/baixada\/wp-json\/wp\/v2\/types\/post"}],"author":[{"embeddable":true,"href":"https:\/\/hostnetart.com.br\/baixada\/wp-json\/wp\/v2\/users\/2"}],"replies":[{"embeddable":true,"href":"https:\/\/hostnetart.com.br\/baixada\/wp-json\/wp\/v2\/comments?post=11521"}],"version-history":[{"count":0,"href":"https:\/\/hostnetart.com.br\/baixada\/wp-json\/wp\/v2\/posts\/11521\/revisions"}],"wp:featuredmedia":[{"embeddable":true,"href":"https:\/\/hostnetart.com.br\/baixada\/wp-json\/wp\/v2\/media\/11520"}],"wp:attachment":[{"href":"https:\/\/hostnetart.com.br\/baixada\/wp-json\/wp\/v2\/media?parent=11521"}],"wp:term":[{"taxonomy":"category","embeddable":true,"href":"https:\/\/hostnetart.com.br\/baixada\/wp-json\/wp\/v2\/categories?post=11521"},{"taxonomy":"post_tag","embeddable":true,"href":"https:\/\/hostnetart.com.br\/baixada\/wp-json\/wp\/v2\/tags?post=11521"}],"curies":[{"name":"wp","href":"https:\/\/api.w.org\/{rel}","templated":true}]}}