{"id":11519,"date":"2021-09-27T15:47:58","date_gmt":"2021-09-27T18:47:58","guid":{"rendered":"https:\/\/hostnetart.com.br\/baixada\/sindicato-dos-bancarios-da-baixada-fluminense-reintegra-mais-um-bancario-do-bradesco-3\/"},"modified":"2021-09-27T15:47:58","modified_gmt":"2021-09-27T18:47:58","slug":"sindicato-dos-bancarios-da-baixada-fluminense-reintegra-mais-um-bancario-do-bradesco-3","status":"publish","type":"post","link":"https:\/\/hostnetart.com.br\/baixada\/sindicato-dos-bancarios-da-baixada-fluminense-reintegra-mais-um-bancario-do-bradesco-3\/","title":{"rendered":"Sindicato dos Banc\u00e1rios da Baixada Fluminense reintegra mais um banc\u00e1rio do Bradesco"},"content":{"rendered":"<p>Na manh\u00e3 desta segunda-feira, 27 de setembro, mais um banc\u00e1rio foi reintegrado pelo Sindicato dos Banc\u00e1rios da Baixada Fluminense.<\/p>\n<p>Atrav\u00e9s de decis\u00e3o liminar em mandado de seguran\u00e7a pelo Tribunal Regional do Trabalho, Washington Luiz Machado de Castro, funcion\u00e1rio do Banco Bradesco, foi reintegrado com base no seu longo hist\u00f3rico de doen\u00e7as ocupacionais e deferimentos de benef\u00edcios previdenci\u00e1rios, por mais de 10 anos.<\/p>\n<p>Al\u00e9m disso, o banc\u00e1rio foi desligado em plena pandemia do novo coronav\u00edrus, contrariando o compromisso de n\u00e3o demiss\u00e3o que os grandes bancos assumiram.<\/p>\n<p>Washington \u00e9 sindicalizado e, logos ap\u00f3s seu desligamento, procurou atendimento no Sindicato dos Banc\u00e1rios da Baixada Fluminense, onde foi atendido pelos Departamentos Jur\u00eddico e de Sa\u00fade.<\/p>\n<p>O banc\u00e1rio quis mandar um recado para a categoria: Desde o primeiro momento, tive plena confian\u00e7a no sindicato. E fica a mensagem e dica para todas e todos as banc\u00e1rios: SindIcalizem-se!\u201d<\/p>\n<p>A reintegra\u00e7\u00e3o foi realizada na ag\u00eancia 2051, em Vilar dos Teles e acompanhada pelos diretores Claudio Leite, Martins, Newton Fran\u00e7a, Ricardo S\u00e1 e Roberto Domingos.<\/p>\n<p><span style=\"text-decoration: underline;\">IMPORTANTE<\/span><\/p>\n<p>\u00c9 de fundamental import\u00e2ncia que banc\u00e1rias e banc\u00e1rios, logo que sejam informados de suas demiss\u00f5es, procurem atendimento no Sindicato.<\/p>\n<p>Em caso de demiss\u00e3o, a orienta\u00e7\u00e3o \u00e9 para que o banc\u00e1rio ou banc\u00e1ria entre em contato imediatamente com o Sindicato.<\/p>\n<p>SINDICALIZE-SE<\/p>\n","protected":false},"excerpt":{"rendered":"<p>Na manh\u00e3 desta segunda-feira, 27 de setembro, mais um banc\u00e1rio foi reintegrado pelo Sindicato dos Banc\u00e1rios da Baixada Fluminense. Atrav\u00e9s de decis\u00e3o liminar em mandado de seguran\u00e7a pelo Tribunal Regional do Trabalho, Washington Luiz Machado de Castro, funcion\u00e1rio do Banco Bradesco, foi reintegrado com base no seu longo hist\u00f3rico de doen\u00e7as ocupacionais e deferimentos de [&hellip;]<\/p>\n","protected":false},"author":2,"featured_media":11518,"comment_status":"","ping_status":"","sticky":false,"template":"","format":"standard","meta":{"footnotes":""},"categories":[3],"tags":[],"class_list":["post-11519","post","type-post","status-publish","format-standard","has-post-thumbnail","hentry","category-noticias"],"_links":{"self":[{"href":"https:\/\/hostnetart.com.br\/baixada\/wp-json\/wp\/v2\/posts\/11519","targetHints":{"allow":["GET"]}}],"collection":[{"href":"https:\/\/hostnetart.com.br\/baixada\/wp-json\/wp\/v2\/posts"}],"about":[{"href":"https:\/\/hostnetart.com.br\/baixada\/wp-json\/wp\/v2\/types\/post"}],"author":[{"embeddable":true,"href":"https:\/\/hostnetart.com.br\/baixada\/wp-json\/wp\/v2\/users\/2"}],"replies":[{"embeddable":true,"href":"https:\/\/hostnetart.com.br\/baixada\/wp-json\/wp\/v2\/comments?post=11519"}],"version-history":[{"count":0,"href":"https:\/\/hostnetart.com.br\/baixada\/wp-json\/wp\/v2\/posts\/11519\/revisions"}],"wp:featuredmedia":[{"embeddable":true,"href":"https:\/\/hostnetart.com.br\/baixada\/wp-json\/wp\/v2\/media\/11518"}],"wp:attachment":[{"href":"https:\/\/hostnetart.com.br\/baixada\/wp-json\/wp\/v2\/media?parent=11519"}],"wp:term":[{"taxonomy":"category","embeddable":true,"href":"https:\/\/hostnetart.com.br\/baixada\/wp-json\/wp\/v2\/categories?post=11519"},{"taxonomy":"post_tag","embeddable":true,"href":"https:\/\/hostnetart.com.br\/baixada\/wp-json\/wp\/v2\/tags?post=11519"}],"curies":[{"name":"wp","href":"https:\/\/api.w.org\/{rel}","templated":true}]}}