{"id":11513,"date":"2021-09-24T14:39:18","date_gmt":"2021-09-24T17:39:18","guid":{"rendered":"https:\/\/hostnetart.com.br\/baixada\/mesa-de-negociacao-sobre-saude-caixa-foi-suspensa\/"},"modified":"2021-09-24T14:39:18","modified_gmt":"2021-09-24T17:39:18","slug":"mesa-de-negociacao-sobre-saude-caixa-foi-suspensa","status":"publish","type":"post","link":"https:\/\/hostnetart.com.br\/baixada\/mesa-de-negociacao-sobre-saude-caixa-foi-suspensa\/","title":{"rendered":"Mesa de negocia\u00e7\u00e3o sobre Sa\u00fade Caixa foi suspensa"},"content":{"rendered":"<p>A mesa de negocia\u00e7\u00e3o entre a Comiss\u00e3o Executiva de Empregados da Caixa (CEE\/Caixa) e os representantes do banco, prevista para esta quinta-feira (23), foi suspensa. A reuni\u00e3o daria continuidade \u00e0s negocia\u00e7\u00f5es sobre o modelo de gest\u00e3o e custeio do Sa\u00fade Caixa a ser implementado a partir de janeiro de 2022.<\/p>\n<p>Para a Comiss\u00e3o, os princ\u00edpios de solidariedade, mutualismo e pacto intergeracional s\u00e3o premissas inegoci\u00e1veis. Outro ponto a ser tratado \u00e9 o calend\u00e1rio para as assembleias. A CEE\/Caixa defende que o calend\u00e1rio permita apresentar a proposta e fazer os debates e esclarecimentos necess\u00e1rios.\u00a0 \u201cToda e qualquer proposta sobre o plano de assist\u00eancia \u00e0 sa\u00fade ser\u00e1 amplamente debatida com os colegas. Desde o in\u00edcio dos trabalhos temos refor\u00e7ado a import\u00e2ncia de os usu\u00e1rios do plano acompanharem este debate pela import\u00e2ncia que esse assunto tem\u201d, disse a coordenadora da CEE\/Caixa, Fabiana Uehara Proscholdt.<\/p>\n<p><strong>Fonte:<\/strong>\u00a0<strong>Fenae<\/strong><\/p>\n","protected":false},"excerpt":{"rendered":"<p>A mesa de negocia\u00e7\u00e3o entre a Comiss\u00e3o Executiva de Empregados da Caixa (CEE\/Caixa) e os representantes do banco, prevista para esta quinta-feira (23), foi suspensa. A reuni\u00e3o daria continuidade \u00e0s negocia\u00e7\u00f5es sobre o modelo de gest\u00e3o e custeio do Sa\u00fade Caixa a ser implementado a partir de janeiro de 2022. Para a Comiss\u00e3o, os princ\u00edpios [&hellip;]<\/p>\n","protected":false},"author":2,"featured_media":11512,"comment_status":"","ping_status":"","sticky":false,"template":"","format":"standard","meta":{"footnotes":""},"categories":[3],"tags":[],"class_list":["post-11513","post","type-post","status-publish","format-standard","has-post-thumbnail","hentry","category-noticias"],"_links":{"self":[{"href":"https:\/\/hostnetart.com.br\/baixada\/wp-json\/wp\/v2\/posts\/11513","targetHints":{"allow":["GET"]}}],"collection":[{"href":"https:\/\/hostnetart.com.br\/baixada\/wp-json\/wp\/v2\/posts"}],"about":[{"href":"https:\/\/hostnetart.com.br\/baixada\/wp-json\/wp\/v2\/types\/post"}],"author":[{"embeddable":true,"href":"https:\/\/hostnetart.com.br\/baixada\/wp-json\/wp\/v2\/users\/2"}],"replies":[{"embeddable":true,"href":"https:\/\/hostnetart.com.br\/baixada\/wp-json\/wp\/v2\/comments?post=11513"}],"version-history":[{"count":0,"href":"https:\/\/hostnetart.com.br\/baixada\/wp-json\/wp\/v2\/posts\/11513\/revisions"}],"wp:featuredmedia":[{"embeddable":true,"href":"https:\/\/hostnetart.com.br\/baixada\/wp-json\/wp\/v2\/media\/11512"}],"wp:attachment":[{"href":"https:\/\/hostnetart.com.br\/baixada\/wp-json\/wp\/v2\/media?parent=11513"}],"wp:term":[{"taxonomy":"category","embeddable":true,"href":"https:\/\/hostnetart.com.br\/baixada\/wp-json\/wp\/v2\/categories?post=11513"},{"taxonomy":"post_tag","embeddable":true,"href":"https:\/\/hostnetart.com.br\/baixada\/wp-json\/wp\/v2\/tags?post=11513"}],"curies":[{"name":"wp","href":"https:\/\/api.w.org\/{rel}","templated":true}]}}