{"id":11505,"date":"2021-09-24T01:18:25","date_gmt":"2021-09-24T04:18:25","guid":{"rendered":"https:\/\/hostnetart.com.br\/baixada\/novamente-apos-pressao-dos-bancarios-projeto-de-lei-que-permite-agencias-sem-porta-giratoria-e-retirado-de-pauta\/"},"modified":"2021-09-24T01:18:25","modified_gmt":"2021-09-24T04:18:25","slug":"novamente-apos-pressao-dos-bancarios-projeto-de-lei-que-permite-agencias-sem-porta-giratoria-e-retirado-de-pauta","status":"publish","type":"post","link":"https:\/\/hostnetart.com.br\/baixada\/novamente-apos-pressao-dos-bancarios-projeto-de-lei-que-permite-agencias-sem-porta-giratoria-e-retirado-de-pauta\/","title":{"rendered":"Novamente, ap\u00f3s press\u00e3o dos banc\u00e1rios, Projeto de Lei que permite ag\u00eancias sem porta girat\u00f3ria \u00e9 retirado de pauta"},"content":{"rendered":"<p>Nesta \u00faltima quinta-feira, 23 de setembro, iria ser votado o\u00a0Projeto de Lei 4772\/2021. Mas, novamente ap\u00f3s pedido do movimento sindical banc\u00e1rio, a proposta que permite que as ag\u00eancias banc\u00e1rias funcionem sem as portas girat\u00f3rias, foi retirada de pauta.<\/p>\n<p>Apesar da proposta ter como objetivo facilitar o acesso de idosos, gestantes, obesos e portadores de defici\u00eancia, ela n\u00e3o leva em considera\u00e7\u00e3o a inseguran\u00e7a que a medida causaria. A proposta coloca em risco a seguran\u00e7a de funcion\u00e1rios, clientes, vigilantes e prestadores de servi\u00e7o.<\/p>\n<p>Ap\u00f3s o Projeto de Lei ser retirado de pauta, o Deputado Estadual e Presidente da Alerj (Assembleia Legislativa do Rio de Janeiro), Andr\u00e9 Ceciliano (PT), recebeu representantes do movimento sindical banc\u00e1rio.<\/p>\n<p>Pedro Batista, Coordenador Geral do Sindicato dos Banc\u00e1rios da Baixada Fluminense, esteve presente na reuni\u00e3o com o parlamentar. Tamb\u00e9m participaram:\u00a0Nilton Dami\u00e3o Esperan\u00e7a (Presidente da Fetraf RJ\/ES);\u00a0Adriana Nalesso (Presidenta da Federa-RJ);\u00a0Jos\u00e9 Ferreira (Presidente do Sindicato dos Banc\u00e1rios do Rio de Janeiro);\u00a0Andr\u00e9 Spiga (Diretor do Sindicato dos Banc\u00e1rios do Rio de Janeiro e membro do Coletivo Nacional de Seguran\u00e7a Banc\u00e1ria da Contraf-CUT);\u00a0Paulo S\u00e9rgio (Funcion\u00e1rio do Sindicato dos Banc\u00e1rios do Rio de Janeiro).<\/p>\n<p>Na reuni\u00e3o, o parlamentar ouviu os motivos e argumentos pelos quais a proposta deve ser retirada de pauta em definitivo. Tamb\u00e9m foi entregue um material impresso onde mostra, em n\u00fameros, a import\u00e2ncia das portas girat\u00f3rias nas ag\u00eancias banc\u00e1rias, em termos de seguran\u00e7a. Em seguida,\u00a0Andr\u00e9 Ceciliano confirmou aos presentes que j\u00e1 solicitou que seu nome seja retirado deste Projeto de Lei.<\/p>\n<p>Na pr\u00f3xima ter\u00e7a-feira, 28 de setembro, o autor do projeto, Rosenverg Reis (MDB), ir\u00e1 receber os representantes do movimento sindical banc\u00e1rio.<\/p>\n<p>\u00a0<\/p>\n<p>\u00a0<\/p>\n<p>\u00a0<\/p>\n","protected":false},"excerpt":{"rendered":"<p>Nesta \u00faltima quinta-feira, 23 de setembro, iria ser votado o\u00a0Projeto de Lei 4772\/2021. Mas, novamente ap\u00f3s pedido do movimento sindical banc\u00e1rio, a proposta que permite que as ag\u00eancias banc\u00e1rias funcionem sem as portas girat\u00f3rias, foi retirada de pauta. Apesar da proposta ter como objetivo facilitar o acesso de idosos, gestantes, obesos e portadores de defici\u00eancia, [&hellip;]<\/p>\n","protected":false},"author":2,"featured_media":11504,"comment_status":"","ping_status":"","sticky":false,"template":"","format":"standard","meta":{"footnotes":""},"categories":[3],"tags":[],"class_list":["post-11505","post","type-post","status-publish","format-standard","has-post-thumbnail","hentry","category-noticias"],"_links":{"self":[{"href":"https:\/\/hostnetart.com.br\/baixada\/wp-json\/wp\/v2\/posts\/11505","targetHints":{"allow":["GET"]}}],"collection":[{"href":"https:\/\/hostnetart.com.br\/baixada\/wp-json\/wp\/v2\/posts"}],"about":[{"href":"https:\/\/hostnetart.com.br\/baixada\/wp-json\/wp\/v2\/types\/post"}],"author":[{"embeddable":true,"href":"https:\/\/hostnetart.com.br\/baixada\/wp-json\/wp\/v2\/users\/2"}],"replies":[{"embeddable":true,"href":"https:\/\/hostnetart.com.br\/baixada\/wp-json\/wp\/v2\/comments?post=11505"}],"version-history":[{"count":0,"href":"https:\/\/hostnetart.com.br\/baixada\/wp-json\/wp\/v2\/posts\/11505\/revisions"}],"wp:featuredmedia":[{"embeddable":true,"href":"https:\/\/hostnetart.com.br\/baixada\/wp-json\/wp\/v2\/media\/11504"}],"wp:attachment":[{"href":"https:\/\/hostnetart.com.br\/baixada\/wp-json\/wp\/v2\/media?parent=11505"}],"wp:term":[{"taxonomy":"category","embeddable":true,"href":"https:\/\/hostnetart.com.br\/baixada\/wp-json\/wp\/v2\/categories?post=11505"},{"taxonomy":"post_tag","embeddable":true,"href":"https:\/\/hostnetart.com.br\/baixada\/wp-json\/wp\/v2\/tags?post=11505"}],"curies":[{"name":"wp","href":"https:\/\/api.w.org\/{rel}","templated":true}]}}