{"id":11503,"date":"2021-09-23T03:26:31","date_gmt":"2021-09-23T06:26:31","guid":{"rendered":"https:\/\/hostnetart.com.br\/baixada\/negociacoes-sobre-o-saude-caixa-serao-retomadas\/"},"modified":"2021-09-23T03:26:31","modified_gmt":"2021-09-23T06:26:31","slug":"negociacoes-sobre-o-saude-caixa-serao-retomadas","status":"publish","type":"post","link":"https:\/\/hostnetart.com.br\/baixada\/negociacoes-sobre-o-saude-caixa-serao-retomadas\/","title":{"rendered":"Negocia\u00e7\u00f5es sobre o Sa\u00fade Caixa ser\u00e3o retomadas"},"content":{"rendered":"<p>A Comiss\u00e3o Executiva dos Trabalhadores (CEE) da Caixa Econ\u00f4mica Federal se re\u00fane com os representantes do banco nesta quinta-feira (23), a partir das 16h, para dar continuidade \u00e0s negocia\u00e7\u00f5es sobre o modelo de custeio do plano de assist\u00eancia \u00e0 sa\u00fade dos empregados do banco, o Sa\u00fade Caixa.<\/p>\n<p><a href=\"https:\/\/contrafcut.com.br\/noticias\/saude-caixa-negociacao-supera-dois-impasses\" target=\"_blank\" rel=\"noopener noreferrer\">Na \u00faltima reuni\u00e3o<\/a>, a CEE reafirmou as\u00a0<a href=\"https:\/\/spbancarios.com.br\/09\/2021\/saude-caixa-representacao-dos-empregados-reafirma-premissas-e-supera-impasses\" target=\"_blank\" rel=\"noopener noreferrer\">premissas definidas pelos empregados para a proposta<\/a>\u00a0e conseguiu superar dois impasses: a utiliza\u00e7\u00e3o da m\u00e9dia entre as proje\u00e7\u00f5es de custo realizadas pelas assessorias atuariais contratadas pelo banco e pela Confedera\u00e7\u00e3o Nacional dos Trabalhadores do Ramo Financeiro (Contraf-CUT) e Federa\u00e7\u00e3o Nacional das Associa\u00e7\u00f5es do Pessoal da Caixa (Fenae); e o descarte divis\u00e3o parit\u00e1ria dos custos entre usu\u00e1rios e a Caixa.<\/p>\n<p>\u201cA paridade era uma imposi\u00e7\u00e3o do banco com base na\u00a0<a href=\"https:\/\/www.gov.br\/economia\/pt-br\/assuntos\/empresas-estatais-federais\/legislacao\/arquivos\/resolucao-no-23-de-18-de-janeiro-de-2018-diario-oficial-da-uniao-imprensa-nacional.pdf\" target=\"_blank\" rel=\"noopener noreferrer\">CGPAR 23<\/a>, que perdeu seus efeitos ap\u00f3s a\u00a0<a href=\"https:\/\/contrafcut.com.br\/noticias\/trabalhadores-tem-noite-de-vitorias-no-senado\" target=\"_blank\" rel=\"noopener noreferrer\">aprova\u00e7\u00e3o do PDL 342\/2021<\/a>\u00a0(antigo PDC 956\/2018). Mas, a manuten\u00e7\u00e3o do modelo de custeio 70\/30 ainda enfrenta um impasse devido ao teto de custo a ser pago pelo de 6,5% da folha de pagamentos, que \u00e9 definido no novo estatuto da Caixa\u201d, explicou a coordenadora da CEE, Fabiana Uehara Proscholdt, que tamb\u00e9m \u00e9 secret\u00e1ria de Cultura da Contraf-CUT.<\/p>\n<h3>Outros pontos<\/h3>\n<p>A CEE tamb\u00e9m pede a dilata\u00e7\u00e3o do calend\u00e1rio de aprova\u00e7\u00e3o da proposta de custeio do Sa\u00fade Caixa, de forma que haja maior tempo para a apresenta\u00e7\u00e3o e debate da proposta pelos empregados. \u201cN\u00e3o existe a possibilidade de aprova\u00e7\u00e3o de qualquer proposta pelos empregados da Caixa sobre o plano de assist\u00eancia \u00e0 sa\u00fade sem que haja an\u00e1lise cuidadosa e debate sobre cada um dos pontos. \u00c9 preciso estender este calend\u00e1rio em, pelo menos, uma semana\u201d, disse Fabiana.<\/p>\n<p>Outro ponto ressaltado pelo representante da Federa\u00e7\u00e3o dos Banc\u00e1rios do Estado de S\u00e3o Paulo (Fetec-CUT\/SP), Jorge Luiz Furlan, \u00e9 com rela\u00e7\u00e3o \u00e0 transpar\u00eancia e gest\u00e3o do plano. \u201cEstamos deixando claro que \u00e9 extremamente importante que os empregados participem da gest\u00e3o do plano para termos conhecimento sobre poss\u00edveis reajustes no futuro e qualquer outra medida. Por isso, \u00e9 fundamental que o Conselho dos Usu\u00e1rios tenha voz ativa e seja ouvido, \u00e9 importante termos acesso aos dados que nos permitam fazemos nossas pr\u00f3prias proje\u00e7\u00f5es, sem termos que brigar para ter acesso a estes dados. Precisamos, tamb\u00e9m reativar os comit\u00eas de credenciamento e descredenciamento\u201d, disse.<\/p>\n<p><strong>Fonte: Contraf-CUT<\/strong><\/p>\n","protected":false},"excerpt":{"rendered":"<p>A Comiss\u00e3o Executiva dos Trabalhadores (CEE) da Caixa Econ\u00f4mica Federal se re\u00fane com os representantes do banco nesta quinta-feira (23), a partir das 16h, para dar continuidade \u00e0s negocia\u00e7\u00f5es sobre o modelo de custeio do plano de assist\u00eancia \u00e0 sa\u00fade dos empregados do banco, o Sa\u00fade Caixa. Na \u00faltima reuni\u00e3o, a CEE reafirmou as\u00a0premissas definidas [&hellip;]<\/p>\n","protected":false},"author":2,"featured_media":11502,"comment_status":"","ping_status":"","sticky":false,"template":"","format":"standard","meta":{"footnotes":""},"categories":[3],"tags":[],"class_list":["post-11503","post","type-post","status-publish","format-standard","has-post-thumbnail","hentry","category-noticias"],"_links":{"self":[{"href":"https:\/\/hostnetart.com.br\/baixada\/wp-json\/wp\/v2\/posts\/11503","targetHints":{"allow":["GET"]}}],"collection":[{"href":"https:\/\/hostnetart.com.br\/baixada\/wp-json\/wp\/v2\/posts"}],"about":[{"href":"https:\/\/hostnetart.com.br\/baixada\/wp-json\/wp\/v2\/types\/post"}],"author":[{"embeddable":true,"href":"https:\/\/hostnetart.com.br\/baixada\/wp-json\/wp\/v2\/users\/2"}],"replies":[{"embeddable":true,"href":"https:\/\/hostnetart.com.br\/baixada\/wp-json\/wp\/v2\/comments?post=11503"}],"version-history":[{"count":0,"href":"https:\/\/hostnetart.com.br\/baixada\/wp-json\/wp\/v2\/posts\/11503\/revisions"}],"wp:featuredmedia":[{"embeddable":true,"href":"https:\/\/hostnetart.com.br\/baixada\/wp-json\/wp\/v2\/media\/11502"}],"wp:attachment":[{"href":"https:\/\/hostnetart.com.br\/baixada\/wp-json\/wp\/v2\/media?parent=11503"}],"wp:term":[{"taxonomy":"category","embeddable":true,"href":"https:\/\/hostnetart.com.br\/baixada\/wp-json\/wp\/v2\/categories?post=11503"},{"taxonomy":"post_tag","embeddable":true,"href":"https:\/\/hostnetart.com.br\/baixada\/wp-json\/wp\/v2\/tags?post=11503"}],"curies":[{"name":"wp","href":"https:\/\/api.w.org\/{rel}","templated":true}]}}