{"id":11501,"date":"2021-09-23T03:19:39","date_gmt":"2021-09-23T06:19:39","guid":{"rendered":"https:\/\/hostnetart.com.br\/baixada\/comando-nacional-dos-bancarios-apresenta-pesquisa-sobre-teletrabalho-para-fenaban\/"},"modified":"2021-09-23T03:19:39","modified_gmt":"2021-09-23T06:19:39","slug":"comando-nacional-dos-bancarios-apresenta-pesquisa-sobre-teletrabalho-para-fenaban","status":"publish","type":"post","link":"https:\/\/hostnetart.com.br\/baixada\/comando-nacional-dos-bancarios-apresenta-pesquisa-sobre-teletrabalho-para-fenaban\/","title":{"rendered":"Comando Nacional dos Banc\u00e1rios apresenta pesquisa sobre teletrabalho para Fenaban"},"content":{"rendered":"<p>O Comando Nacional\u00a0d@s\u00a0Banc\u00e1ri@s\u00a0se re\u00fane nesta sexta-feira (24) com a Federa\u00e7\u00e3o Nacional dos Bancos (Fenaban) para discutir o teletrabalho. Na ocasi\u00e3o, ser\u00e1 apresentada a 2\u00aa Pesquisa de Teletrabalho da Categoria Banc\u00e1ria. A pesquisa avaliou as condi\u00e7\u00f5es para a categoria realizar o teletrabalho, ap\u00f3s mais de um ano de dura\u00e7\u00e3o dessa modalidade, durante a pandemia da Covid-19. Uma das preocupa\u00e7\u00f5es do Comando \u00e9 com a quest\u00e3o do retorno ao trabalho presencial, que come\u00e7a a ser feita pelos bancos sem negocia\u00e7\u00e3o ou crit\u00e9rios definidos.<\/p>\n<p>\u201c\u00c9 importante retomarmos esse debate com os bancos porque temos pontos importantes a serem tratados como a quest\u00e3o do retorno ao trabalho presencial. Sabemos que j\u00e1 come\u00e7am as press\u00f5es para que banc\u00e1rias e banc\u00e1rios retornem ao trabalho presencial, mas \u00e9 preciso haver crit\u00e9rios claros. A pesquisa mostra tamb\u00e9m como a categoria avalia as condi\u00e7\u00f5es do teletrabalho. H\u00e1 avan\u00e7os, mas tamb\u00e9m problemas a serem superados\u201d, declarou a presidenta da Confedera\u00e7\u00e3o Nacional dos Trabalhadores do Ramo Financeiro (Contraf-CUT, Juvandia Moreira, coordenadora do comando Nacional.<\/p>\n<p>A 2\u00aa Pesquisa de Teletrabalho da Categoria Banc\u00e1ria revela pontos que devem ser aperfei\u00e7oados nessa modalidade de servi\u00e7o e coletou respostas de 12.979 banc\u00e1rios e banc\u00e1rias de todo o pa\u00eds. Na primeira pesquisa, realizada no ano passado, foram ouvidos 10.939 banc\u00e1rios e banc\u00e1rias. A categoria banc\u00e1ria foi pioneira e boa parte dela foi deslocada para o teletrabalho assim que come\u00e7ou a pandemia. Na ocasi\u00e3o, o teletrabalho foi negociado pelo Comando junto \u00e0 Fenaban.<\/p>\n<p><strong>Carestia<\/strong><\/p>\n<p>A disparada da infla\u00e7\u00e3o, que em 12 meses registrou alta de 9,68% pelo \u00cdndice Nacional de Pre\u00e7os ao Consumidor Amplo (IPCA), pesou mais nas despesas das banc\u00e1rias e banc\u00e1rios que foram trabalhar em casa com custos maiores de energia el\u00e9trica, alimenta\u00e7\u00e3o, g\u00e1s, etc). Enquanto isso bancos economizaram R$ 766 milh\u00f5es, na compara\u00e7\u00e3o das despesas administrativas entre 2019 e 2020. \u201cA popula\u00e7\u00e3o brasileira, e a\u00ed tamb\u00e9m est\u00e1 a categoria banc\u00e1ria, sofre com a alta de pre\u00e7os, com a infla\u00e7\u00e3o. A carestia agrava uma situa\u00e7\u00e3o j\u00e1 enfrentada pelas banc\u00e1rias e banc\u00e1rios com mais custos dom\u00e9sticos no teletrabalho. J\u00e1 os bancos foram extremamente beneficiados com o teletrabalho. Isso precisa ser discutido e a categoria ter compensa\u00e7\u00f5es com a alta nas suas despesas dom\u00e9sticas\u201d, ressaltou a presidenta da Contraf-CUT.<\/p>\n<p><strong>Fonte: Contraf-CUT<\/strong><\/p>\n","protected":false},"excerpt":{"rendered":"<p>O Comando Nacional\u00a0d@s\u00a0Banc\u00e1ri@s\u00a0se re\u00fane nesta sexta-feira (24) com a Federa\u00e7\u00e3o Nacional dos Bancos (Fenaban) para discutir o teletrabalho. Na ocasi\u00e3o, ser\u00e1 apresentada a 2\u00aa Pesquisa de Teletrabalho da Categoria Banc\u00e1ria. A pesquisa avaliou as condi\u00e7\u00f5es para a categoria realizar o teletrabalho, ap\u00f3s mais de um ano de dura\u00e7\u00e3o dessa modalidade, durante a pandemia da Covid-19. [&hellip;]<\/p>\n","protected":false},"author":2,"featured_media":11500,"comment_status":"","ping_status":"","sticky":false,"template":"","format":"standard","meta":{"footnotes":""},"categories":[3],"tags":[],"class_list":["post-11501","post","type-post","status-publish","format-standard","has-post-thumbnail","hentry","category-noticias"],"_links":{"self":[{"href":"https:\/\/hostnetart.com.br\/baixada\/wp-json\/wp\/v2\/posts\/11501","targetHints":{"allow":["GET"]}}],"collection":[{"href":"https:\/\/hostnetart.com.br\/baixada\/wp-json\/wp\/v2\/posts"}],"about":[{"href":"https:\/\/hostnetart.com.br\/baixada\/wp-json\/wp\/v2\/types\/post"}],"author":[{"embeddable":true,"href":"https:\/\/hostnetart.com.br\/baixada\/wp-json\/wp\/v2\/users\/2"}],"replies":[{"embeddable":true,"href":"https:\/\/hostnetart.com.br\/baixada\/wp-json\/wp\/v2\/comments?post=11501"}],"version-history":[{"count":0,"href":"https:\/\/hostnetart.com.br\/baixada\/wp-json\/wp\/v2\/posts\/11501\/revisions"}],"wp:featuredmedia":[{"embeddable":true,"href":"https:\/\/hostnetart.com.br\/baixada\/wp-json\/wp\/v2\/media\/11500"}],"wp:attachment":[{"href":"https:\/\/hostnetart.com.br\/baixada\/wp-json\/wp\/v2\/media?parent=11501"}],"wp:term":[{"taxonomy":"category","embeddable":true,"href":"https:\/\/hostnetart.com.br\/baixada\/wp-json\/wp\/v2\/categories?post=11501"},{"taxonomy":"post_tag","embeddable":true,"href":"https:\/\/hostnetart.com.br\/baixada\/wp-json\/wp\/v2\/tags?post=11501"}],"curies":[{"name":"wp","href":"https:\/\/api.w.org\/{rel}","templated":true}]}}