{"id":1150,"date":"2013-06-26T00:00:00","date_gmt":"2013-06-26T03:00:00","guid":{"rendered":"https:\/\/hostnetart.com.br\/baixada\/santander-brasil-realiza-mudancas-na-estrutura-administrativa\/"},"modified":"2013-06-26T00:00:00","modified_gmt":"2013-06-26T03:00:00","slug":"santander-brasil-realiza-mudancas-na-estrutura-administrativa","status":"publish","type":"post","link":"https:\/\/hostnetart.com.br\/baixada\/santander-brasil-realiza-mudancas-na-estrutura-administrativa\/","title":{"rendered":"Santander Brasil realiza mudan\u00e7as na estrutura administrativa"},"content":{"rendered":"<p>O Santander Brasil anunciou nesta ter\u00e7a-feira (25) mudan\u00e7as em sua estrutura administrativa, com a cria\u00e7\u00e3o de duas novas vice-presid\u00eancias e, com isso, se aproxima do modelo da institui\u00e7\u00e3o em pa\u00edses como M\u00e9xico e Chile, segundo informou a entidade banc\u00e1ria.<\/p>\n<div>O portugu\u00eas Jos\u00e9 Paiva, que faz parte do Conselho de Administra\u00e7\u00e3o do Santander Brasil, foi nomeado vice-presidente executivo s\u00eanior de Recursos Humanos e M\u00eddia e responder\u00e1 pelas \u00e1reas de tecnologia, organiza\u00e7\u00e3o, canais de atendimento e custos.<\/p>\n<p>\u00a0<\/p>\n<\/div>\n<div>O executivo Marcos Madureira foi nomeado hoje pelo Conselho de Administra\u00e7\u00e3o como vice-presidente de Comunica\u00e7\u00e3o, Marketing, Rela\u00e7\u00f5es Institucionais e Desenvolvimento Sustent\u00e1vel.<\/p>\n<p>\u00a0<\/p>\n<\/div>\n<div>Com as duas novas nomea\u00e7\u00f5es, o Santander Brasil passa a ter 11 vice-presid\u00eancias para atender a diversas \u00e1reas.<\/p>\n<p>\u00a0<\/p>\n<\/div>\n<div>Em comunicado, o presidente da filial brasileira do banco, Jes\u00fas Zabalza, afirmou que o objetivo das mudan\u00e7as \u00e9 \u201cfortalecer a governabilidade corporativa e refor\u00e7ar a estrutura organizacional\u201d.<\/p>\n<p>\u00a0<\/p>\n<\/div>\n<div>\u201cEstou convencido que, com essas mudan\u00e7as, nosso banco estar\u00e1 ainda mais preparado para alcan\u00e7ar o objetivo de crescimento que buscamos, sempre direcionado para a satisfa\u00e7\u00e3o de nossos clientes e para o atendimento de suas necessidades\u201d, disse o alto executivo, que substituiu Marcial Portela no cargo.<\/p>\n<p>\u00a0<\/p>\n<\/div>\n<div>Fonte: EFE<\/div>\n","protected":false},"excerpt":{"rendered":"<p>O Santander Brasil anunciou nesta ter\u00e7a-feira (25) mudan\u00e7as em sua estrutura administrativa, com a cria\u00e7\u00e3o de duas novas vice-presid\u00eancias e, com isso, se aproxima do modelo da institui\u00e7\u00e3o em pa\u00edses como M\u00e9xico e Chile, segundo informou a entidade banc\u00e1ria. O portugu\u00eas Jos\u00e9 Paiva, que faz parte do Conselho de Administra\u00e7\u00e3o do Santander Brasil, foi nomeado [&hellip;]<\/p>\n","protected":false},"author":1,"featured_media":0,"comment_status":"","ping_status":"","sticky":false,"template":"","format":"standard","meta":{"footnotes":""},"categories":[3],"tags":[],"class_list":["post-1150","post","type-post","status-publish","format-standard","hentry","category-noticias"],"_links":{"self":[{"href":"https:\/\/hostnetart.com.br\/baixada\/wp-json\/wp\/v2\/posts\/1150","targetHints":{"allow":["GET"]}}],"collection":[{"href":"https:\/\/hostnetart.com.br\/baixada\/wp-json\/wp\/v2\/posts"}],"about":[{"href":"https:\/\/hostnetart.com.br\/baixada\/wp-json\/wp\/v2\/types\/post"}],"author":[{"embeddable":true,"href":"https:\/\/hostnetart.com.br\/baixada\/wp-json\/wp\/v2\/users\/1"}],"replies":[{"embeddable":true,"href":"https:\/\/hostnetart.com.br\/baixada\/wp-json\/wp\/v2\/comments?post=1150"}],"version-history":[{"count":0,"href":"https:\/\/hostnetart.com.br\/baixada\/wp-json\/wp\/v2\/posts\/1150\/revisions"}],"wp:attachment":[{"href":"https:\/\/hostnetart.com.br\/baixada\/wp-json\/wp\/v2\/media?parent=1150"}],"wp:term":[{"taxonomy":"category","embeddable":true,"href":"https:\/\/hostnetart.com.br\/baixada\/wp-json\/wp\/v2\/categories?post=1150"},{"taxonomy":"post_tag","embeddable":true,"href":"https:\/\/hostnetart.com.br\/baixada\/wp-json\/wp\/v2\/tags?post=1150"}],"curies":[{"name":"wp","href":"https:\/\/api.w.org\/{rel}","templated":true}]}}