{"id":11495,"date":"2021-09-22T15:16:32","date_gmt":"2021-09-22T18:16:32","guid":{"rendered":"https:\/\/hostnetart.com.br\/baixada\/bancarios-protestam-contra-retorno-presencial-no-banco-do-brasil\/"},"modified":"2021-09-22T15:16:32","modified_gmt":"2021-09-22T18:16:32","slug":"bancarios-protestam-contra-retorno-presencial-no-banco-do-brasil","status":"publish","type":"post","link":"https:\/\/hostnetart.com.br\/baixada\/bancarios-protestam-contra-retorno-presencial-no-banco-do-brasil\/","title":{"rendered":"Banc\u00e1rios protestam contra retorno presencial no Banco do Brasil"},"content":{"rendered":"<p>A Comiss\u00e3o de Empresa dos Funcion\u00e1rios do Banco do Brasil (CEBB) \u00e9 contr\u00e1ria ao comunicado interno divulgado pelo Banco do Brasil, na \u00faltima quinta-feira (15), para informar que as funcion\u00e1rias e os funcion\u00e1rios que est\u00e3o em home office, e n\u00e3o pertencem ao grupo de risco, poder\u00e3o retornar ao trabalho presencial de forma opcional a partir do dia 20 de setembro, mesmo aqueles que ainda n\u00e3o se vacinaram ou completaram as duas doses do imunizante.<\/p>\n<p>\u201cMesmo seguindo todas as regras e protocolos de distanciamento e higiene, n\u00e3o precisamos ir muito longe para saber que o trabalho presencial aumenta o risco de contamina\u00e7\u00e3o pela Covid-19\u201d, ponderou Fernanda Lopes, secret\u00e1ria de Juventude e representante da Confedera\u00e7\u00e3o Nacional dos Trabalhadores do Ramo Financeiro (Contraf-CUT) nas negocia\u00e7\u00f5es com o BB. O Banco do Brasil se comprometeu a se reunir com o Sindicato Banc\u00e1rios de Bras\u00edlia na pr\u00f3xima sexta-feira (24). \u201cAt\u00e9 momento o BB n\u00e3o se reuniu com a Comiss\u00e3o de Empresa dos Funcion\u00e1rios. Enaltecemos a import\u00e2ncia da reuni\u00e3o que ocorrer\u00e1 na sexta, com o Sindicato de Bras\u00edlia, mas continuamos cobrando uma reuni\u00e3o com os representantes de todo o pa\u00eds, pois afinal os problemas est\u00e3o aumentando e cada vez mais de volunt\u00e1rio somente a fala do presidente\u201d, completou Fernanda.<\/p>\n<p>\u201cA cada dia que passa, recebemos relatos do Brasil inteiro em que o fato de ser voluntario passou a ser uma nova forma do banco cobrar metas de volta de pessoas. Den\u00fancias de gerentes gerais convocando indiscriminadamente funcion\u00e1rios na Ditec, em departamentos como Cenops e ainda alguns postando fotos falando que tem torta para comer. Chega \u00e0 beira o rid\u00edculo essa postura da dire\u00e7\u00e3o do BB. Os funcion\u00e1rios merecem mais respeito, atrav\u00e9s da vacina\u00e7\u00e3o e n\u00e3o de tortas\u201d, finalizou.<\/p>\n<h3>Protesto e fiscaliza\u00e7\u00e3o em Bras\u00edlia<\/h3>\n<p>Nesta segunda-feira (20), antes das 7h, diretores do Sindicato dos Banc\u00e1rios de Bras\u00edlia e da Federa\u00e7\u00e3o dos Banc\u00e1rios do Centro Norte (Fetec-CUT\/CN) j\u00e1 se encontravam nos pr\u00e9dios administrativos em protesto contra a decis\u00e3o do banco.<\/p>\n<p>O objetivo dos protestos era buscar di\u00e1logo com os trabalhadores que foram pegos de surpresa na \u00faltima quinta-feira (16), quando o banco divulgou comunicado interno informando que os banc\u00e1rios e banc\u00e1rias que est\u00e3o em home office, e n\u00e3o perten\u00e7am ao grupo de risco, poderiam retornar ao trabalho presencial de forma \u201cvolunt\u00e1ria\u201d a partir desta segunda.<\/p>\n<p>Para o presidente do sindicato, Kleytton Morais, \u201cn\u00e3o d\u00e1 para o BB, unilateralmente por em risco a constru\u00e7\u00e3o negocial que ao longo desse um ano e sete meses garantiu protocolos de sa\u00fade e seguran\u00e7a decisivos \u00e0 prote\u00e7\u00e3o das vidas. A postura adotada pelo banco desrespeita a mesa de negocia\u00e7\u00e3o, rompe o acordo e coloca em risco a vida dos trabalhadores e trabalhadoras do banco. N\u00f3s dialogamos com a ci\u00eancia e \u00e9 sabido que ainda n\u00e3o \u00e9 a hora de retornar. Esperamos que a dire\u00e7\u00e3o do banco reveja esta medida e se sensibilize para proteger a vida\u201d.<\/p>\n<p>Banc\u00e1rio do BB, Kleytton frisa ainda que o processo de retorno ao trabalho precisa ser algo pensado, dialogado e organizado, observando os n\u00fameros de involu\u00e7\u00e3o da doen\u00e7a para salvaguardar a vida dos banc\u00e1rios.<\/p>\n<p>\u201cPudemos verificar, diretamente nos locais de trabalho, situa\u00e7\u00f5es que tem\u00edamos com a postura unilateral adotada pelo banco. Neste aspecto, tivemos a oportunidade de destacar diretamente \u00e0 dire\u00e7\u00e3o do BB os riscos que a medida poderia ensejar. Ainda estamos na pandemia, por isso \u00e9 inadmiss\u00edvel tratar a quest\u00e3o do retorno ao presencial como algo volunt\u00e1rio. Pelo contr\u00e1rio, o banco precisar\u00e1 de toda aten\u00e7\u00e3o, planejamento e prud\u00eancia para restabelecer, no momento adequado, o trabalho presencial. Aten\u00e7\u00e3o e planejamento que precisam, com urg\u00eancia, serem refor\u00e7ados nas unidades de neg\u00f3cios e PSO, de modo a refor\u00e7ar a prote\u00e7\u00e3o dos colegas e assegurar condi\u00e7\u00f5es dignas de trabalho. Esse sim um crit\u00e9rio de justi\u00e7a a se adotar\u201d, destacou Kleytton.<\/p>\n<p><strong>Fonte: Contraf-CUT<\/strong><\/p>\n","protected":false},"excerpt":{"rendered":"<p>A Comiss\u00e3o de Empresa dos Funcion\u00e1rios do Banco do Brasil (CEBB) \u00e9 contr\u00e1ria ao comunicado interno divulgado pelo Banco do Brasil, na \u00faltima quinta-feira (15), para informar que as funcion\u00e1rias e os funcion\u00e1rios que est\u00e3o em home office, e n\u00e3o pertencem ao grupo de risco, poder\u00e3o retornar ao trabalho presencial de forma opcional a partir [&hellip;]<\/p>\n","protected":false},"author":2,"featured_media":11494,"comment_status":"","ping_status":"","sticky":false,"template":"","format":"standard","meta":{"footnotes":""},"categories":[3],"tags":[],"class_list":["post-11495","post","type-post","status-publish","format-standard","has-post-thumbnail","hentry","category-noticias"],"_links":{"self":[{"href":"https:\/\/hostnetart.com.br\/baixada\/wp-json\/wp\/v2\/posts\/11495","targetHints":{"allow":["GET"]}}],"collection":[{"href":"https:\/\/hostnetart.com.br\/baixada\/wp-json\/wp\/v2\/posts"}],"about":[{"href":"https:\/\/hostnetart.com.br\/baixada\/wp-json\/wp\/v2\/types\/post"}],"author":[{"embeddable":true,"href":"https:\/\/hostnetart.com.br\/baixada\/wp-json\/wp\/v2\/users\/2"}],"replies":[{"embeddable":true,"href":"https:\/\/hostnetart.com.br\/baixada\/wp-json\/wp\/v2\/comments?post=11495"}],"version-history":[{"count":0,"href":"https:\/\/hostnetart.com.br\/baixada\/wp-json\/wp\/v2\/posts\/11495\/revisions"}],"wp:featuredmedia":[{"embeddable":true,"href":"https:\/\/hostnetart.com.br\/baixada\/wp-json\/wp\/v2\/media\/11494"}],"wp:attachment":[{"href":"https:\/\/hostnetart.com.br\/baixada\/wp-json\/wp\/v2\/media?parent=11495"}],"wp:term":[{"taxonomy":"category","embeddable":true,"href":"https:\/\/hostnetart.com.br\/baixada\/wp-json\/wp\/v2\/categories?post=11495"},{"taxonomy":"post_tag","embeddable":true,"href":"https:\/\/hostnetart.com.br\/baixada\/wp-json\/wp\/v2\/tags?post=11495"}],"curies":[{"name":"wp","href":"https:\/\/api.w.org\/{rel}","templated":true}]}}