{"id":11489,"date":"2021-09-21T17:48:51","date_gmt":"2021-09-21T20:48:51","guid":{"rendered":"https:\/\/hostnetart.com.br\/baixada\/variantes-vacinas-e-intervalos-perguntas-e-respostas-sobre-a-covid-19\/"},"modified":"2021-09-21T17:48:51","modified_gmt":"2021-09-21T20:48:51","slug":"variantes-vacinas-e-intervalos-perguntas-e-respostas-sobre-a-covid-19","status":"publish","type":"post","link":"https:\/\/hostnetart.com.br\/baixada\/variantes-vacinas-e-intervalos-perguntas-e-respostas-sobre-a-covid-19\/","title":{"rendered":"Variantes, vacinas e intervalos. Perguntas e respostas sobre a covid-19"},"content":{"rendered":"<p>A pandemia de covid-19 \u00e9 a maior crise sanit\u00e1ria do planeta em mais de 100 anos, ap\u00f3s a Gripe Espanhola de 1918. Naturalmente, com a doen\u00e7a, surgem muitas d\u00favidas a serem solucionadas. O novo coronav\u00edrus se torna um problema no fim de 2019, na cidade chinesa de Wuhan, prov\u00edncia de Hubei. O alcance e letalidade do surto despertaram um movimento global de enfrentamento e levou a uma corrida cient\u00edfica que alcan\u00e7ou feitos in\u00e9ditos.<\/p>\n<p>Neste pouco menos de dois anos, foram desenvolvidas, testadas e aplicadas vacinas com diferentes tecnologias \u2013 um tempo at\u00e9 ent\u00e3o recorde. A comunidade cient\u00edfica globalizou os estudos e os avan\u00e7os no entendimento da covid-19 s\u00e3o di\u00e1rios. Imunizantes testados e aprovados com urg\u00eancia utilizam, inclusive, a promissora e inovadora tecnologia de mRNA, ou RNA mensageiro, que deve ser base para a cura futura de outras doen\u00e7as. Tamb\u00e9m avan\u00e7aram protocolos de tratamentos que reduziram a letalidade do v\u00edrus ao longo dos meses.<\/p>\n<p>Da mesma forma como provocou a acelera\u00e7\u00e3o de avan\u00e7os cient\u00edficos, a covid tamb\u00e9m criou a necessidade de os governos formularem pol\u00edticas p\u00fablicas com agilidade, para atuar diretamente no processo de supera\u00e7\u00e3o da crise. Para esclarecer sobre os avan\u00e7os de ambas as \u00e1reas no trato da pandemia, a\u00a0<strong>RBA<\/strong>\u00a0apresenta algumas informa\u00e7\u00f5es atualizadas. Leia a seguir:<\/p>\n<h3>Qual o panorama atual da covid-19 no Brasil?<\/h3>\n<p>O Brasil \u00e9 o segundo pa\u00eds do mundo com mais mortes por covid-19. De acordo com o \u00faltimo balan\u00e7o do Conselho Nacional dos Secret\u00e1rios de Sa\u00fade (<a href=\"http:\/\/conass.org.br\/\" target=\"_blank\" rel=\"noopener noreferrer\"><strong>Conass<\/strong><\/a>),\u00a0<a href=\"https:\/\/www.redebrasilatual.com.br\/saude-e-ciencia\/2021\/09\/brasil-piora-nos-indicadores-da-covid-19-e-chega-perto-de-591-mil-mortos\/\"><strong>foram 590.955 v\u00edtimas oficialmente registradas<\/strong><\/a>\u00a0at\u00e9 ontem (20). Entretanto, cientistas argumentam que estes n\u00fameros s\u00e3o subnotificados. De acordo com estudo da Funda\u00e7\u00e3o Oswaldo Cruz (Fiocruz), corrigidos os erros nos bancos de dados apenas de 2020,\u00a0<a href=\"https:\/\/www.redebrasilatual.com.br\/saude-e-ciencia\/2021\/08\/mortos-da-covid-no-brasil-sao-ao-menos-613-mil-afirma-fiocruz-tendencia-de-casos-e-de-alta\/\"><strong>os mortos superam 630 mil<\/strong><\/a>. Estas incongru\u00eancias, atrasos e erros de preenchimento em atestados de \u00f3bitos seguramente se repetem neste ano.<\/p>\n<p>Se em 2020 os Estados Unidos lideraram o registro de mortos por covid, este ano \u00e9 o Brasil que est\u00e1 \u00e0 frente neste indicador. O principal fator de impacto foi a chamada segunda onda da pandemia, que atingiu o pa\u00eds entre o fim de fevereiro e a segunda quinzena de julho. \u00c0quela altura, os norte-americanos j\u00e1 haviam adotado o rigor no protocolos de distanciamento social e conseguiram diminuir significativamente o n\u00famero de \u00f3bitos. Mesmo o ent\u00e3o presidente Donald Trump abandonou sua postura negacionista e passou at\u00e9 mesmo a apoiar a vacina\u00e7\u00e3o. Diferentemente de Bolsonaro, que at\u00e9 hoje n\u00e3o reconhece a import\u00e2ncia da imuniza\u00e7\u00e3o em massa.<\/p>\n<h3>Celeiro de variantes<\/h3>\n<p>A aus\u00eancia de pol\u00edticas p\u00fablicas para o enfrentamento da covid-19 no Brasil resultou na falta de medidas que garantissem seguran\u00e7a \u00e0s fam\u00edlias durante o isolamento social. Al\u00e9m disso, o pa\u00eds \u00e9 dos que menos aplicou testes \u00e0 sua popula\u00e7\u00e3o, dificultando os trabalhos de rastreio e controle do cont\u00e1gio. A subnotifica\u00e7\u00e3o \u00e9 uma realidade admitida at\u00e9 pelo governo federal. O resultado dessa aus\u00eancia de pol\u00edticas de cuidado foi o aumento de mortes evit\u00e1veis.<\/p>\n<p>Mais que isso,\u00a0<strong><a href=\"https:\/\/www.redebrasilatual.com.br\/saude-e-ciencia\/2021\/09\/ma-gestao-da-pandemia-transformou-brasil-em-celeiro-de-mutacoes-coronavirus\/\" target=\"_blank\" rel=\"noopener noreferrer\">transformou o pa\u00eds em um \u201cceleiro\u201d de muta\u00e7\u00f5es virais<\/a><\/strong>. Por circular sem controle, o novo coronav\u00edrus encontrou terreno f\u00e9rtil no Brasil e aqui produziu uma das muta\u00e7\u00f5es mais agressivas detectadas at\u00e9 agora. Conhecida como gamma, ou P.1, a variante surge em Manaus, uma das cidades mais afetadas pelo surto no Brasil.<\/p>\n<p>A situa\u00e7\u00e3o da capital do Amazonas foi denunciada pela\u00a0<strong>RBA\u00a0<\/strong>antes mesmo de explodir. Entretanto, investiga\u00e7\u00f5es da CPI da Covid apontam que a cidade pode ter sido utilizada como \u201ccobaia\u201d de um estudo eticamente inaceit\u00e1vel e que, por fim, mostrou-se tr\u00e1gico. Influenciado pelo negacionismo de Bolsonaro, o governo local facilitou a ampla dissemina\u00e7\u00e3o do v\u00edrus com finalidade de promover a chamada \u201cimunidade de rebanho\u201d. Isso, com uma doen\u00e7a de alta letalidade e causadora de extremo sofrimento aos pacientes.<\/p>\n<h3>Negacionismo e corrup\u00e7\u00e3o<\/h3>\n<p>Bolsonaro tamb\u00e9m apostou em medicamentos comprovadamente ineficazes contra o coronav\u00edrus, como a\u00a0<strong><a href=\"https:\/\/www.redebrasilatual.com.br\/saude-e-ciencia\/2021\/09\/kit-covid-matava-caso-prevent-senior\/\" target=\"_blank\" rel=\"noopener noreferrer\">cloroquina e a ivermectina<\/a><\/strong>. Al\u00e9m de n\u00e3o serem eficazes, s\u00e3o perigosos. Grande variedade de estudos publicados em relevantes revistas cient\u00edficas apontam para o risco de efeitos colaterais graves por estes medicamento. Os principais s\u00e3o hepatites medicamentosas e problemas card\u00edacos relacionados. Por\u00e9m, ignorando todos os alertas, Bolsonaro recomendou o uso do chamado \u201ckit covid\u201d em repetidos discursos.<\/p>\n<p>Al\u00e9m da m\u00e1 gest\u00e3o j\u00e1 apontada, o presidente estimulou e promoveu aglomera\u00e7\u00f5es, al\u00e9m de diariamente divulgar mentiras e fake news sobre tudo que se relaciona \u00e0 pandemia. Segundo\u00a0<a href=\"https:\/\/artigo19.org\/artigo-na-midia\/bolsonaro-1682-mentiras-em-um-ano\/\"><strong>levantamento da ONG Artigo 19<\/strong><\/a>, foram mais de 1.600 de mentiras em cerca de um ano. Bolsonaro ataca a efic\u00e1cia e seguran\u00e7a de vacinas, por exemplo, postura que se reflete tamb\u00e9m no atraso da vacina\u00e7\u00e3o no Brasil. O governo federal ignorou as ofertas de imunizantes feitas por v\u00e1rias farmac\u00eauticas. Ao mesmo tempo, trabalhou para boicotar a produ\u00e7\u00e3o da CoronaVac pelo Instituto Butantan, de S\u00e3o Paulo, governado pelo seu desafeto pol\u00edtico Jo\u00e3o Doria (PSDB). Por outro lado, \u201cfechou os olhos\u201d para neg\u00f3cios obscuros dentro do Minist\u00e9rio da Sa\u00fade para a compra de vacinas indianas da Covaxin, com contratos fraudulentos e superfaturados.\u00a0<strong><a href=\"https:\/\/www.redebrasilatual.com.br\/politica\/2021\/09\/provas-colhidas-pela-cpi-da-covid-reforcarao-pedidos-de-impeachment\/\" target=\"_blank\" rel=\"noopener noreferrer\">Esc\u00e2ndalo este em investiga\u00e7\u00e3o na CPI da Covid.<\/a><\/strong><\/p>\n<h3>Qual o panorama da vacina\u00e7\u00e3o no Brasil?<\/h3>\n<p>Apesar do triste panorama a que chegou o Brasil, pelo desgoverno de seu presidente, a press\u00e3o dos movimentos sociais e das bancadas de oposi\u00e7\u00e3o no Congresso fizeram chegar as vacinas. E elas est\u00e3o produzindo resultados efetivos. Desde a segunda quinzena de abril, com o avan\u00e7o da imuniza\u00e7\u00e3o, naquele momento, sobretudo dos idosos, as mortes come\u00e7aram a cair significativamente. No dia 12 de abril, a m\u00e9dia di\u00e1ria de \u00f3bitos, calculada em sete dias, era de 3.124. No dia 10 de setembro, eram 454 v\u00edtimas di\u00e1rias.<\/p>\n<p>Entretanto, a manuten\u00e7\u00e3o de resultados positivos at\u00e9 a eventual erradica\u00e7\u00e3o da doen\u00e7a n\u00e3o est\u00e1 assegurada j\u00e1 que, com o fim precoce das medidas de distanciamento por estados e munic\u00edpios, a ampla circula\u00e7\u00e3o do v\u00edrus pode estimular muta\u00e7\u00f5es.\u00a0<a href=\"https:\/\/www.redebrasilatual.com.br\/saude-e-ciencia\/2021\/08\/sem-vacinas-brasil-estaria-proximo-a-1-milhao-de-mortos-afirma-cientista\/\" target=\"_blank\" rel=\"noopener noreferrer\"><strong>Junte-se a isso, o ainda pequeno percentual de vacinados no pa\u00eds<\/strong><\/a>. At\u00e9 ontem, o Minist\u00e9rio da Sa\u00fade contabilizava 40,03% da popula\u00e7\u00e3o completamente imunizada, isto \u00e9, com duas doses ou vacina de dose \u00fanica, no caso da Janssen. Por\u00e9m, a Organiza\u00e7\u00e3o Mundial de Sa\u00fade (OMS) indica ser necess\u00e1rio mais de 80% da popula\u00e7\u00e3o vacinada para considerar o surto sob controle. J\u00e1 tomaram a primeira dose 72,78% dos brasileiros dentro do p\u00fablico-alvo.<\/p>\n<p>Mas, o fato de o Brasil sob Bolsonaro ter um Plano Nacional de Imuniza\u00e7\u00e3o (PNI) err\u00e1tico e sem coordena\u00e7\u00e3o efetiva levou os estados a adotar planos diferentes. Parte dos cientistas critica o m\u00e9todo utilizado pela maioria das unidades da federa\u00e7\u00e3o \u2013 de aplicar o m\u00e1ximo de primeiras doses, o que chegou a provocar uma escassez para a segunda. Como resultado, apesar de bom n\u00famero de imunizados com uma dose,\u00a0<strong><a href=\"https:\/\/www.redebrasilatual.com.br\/saude-e-ciencia\/2021\/09\/avancar-com-a-segunda-dose-das-vacinas-e-a-prioridade-defendem-cientistas\/\" target=\"_blank\" rel=\"noopener noreferrer\">o pa\u00eds tem mais de 9 milh\u00f5es de pessoas com o refor\u00e7o em falta<\/a><\/strong>, e tem percentual de totalmente imunizados baixo, atr\u00e1s de pa\u00edses como Argentina, Uruguai, Equador e Chile, e similar a Bol\u00edvia e Col\u00f4mbia.<\/p>\n<h3>E no mundo?<\/h3>\n<p>No Brasil, mesmo com toda a campanha contra de Bolsonaro, a ades\u00e3o da popula\u00e7\u00e3o est\u00e1 em patamares acima de 90%, chegando \u00e0 totalidade em algumas faixas et\u00e1rias. Em outros pa\u00edses, a situa\u00e7\u00e3o \u00e9 variada. Mais de 80% das vacinas produzidas foram direcionadas para 10% dos pa\u00edses mais ricos. Isso provoca uma desigualdade vacinal em larga escala, com escassez absoluta em algumas regi\u00f5es. No continente africano, por exemplo, menos de 3% da popula\u00e7\u00e3o est\u00e1 totalmente imunizada.<\/p>\n<p>A desigualdade na distribui\u00e7\u00e3o de vacinas atingiu, inclusive, a OMS. A entidade liderou, ainda na \u00e9poca da produ\u00e7\u00e3o das vacinas, uma iniciativa chamada Covax Facility. O objetivo era distribuir mais de 1 bilh\u00e3o de doses para pa\u00edses mais pobres. Esse cons\u00f3rcio n\u00e3o deve alcan\u00e7ar 30% de seu objetivo neste ano. Com isso, o presidente da OMS, Tedros Adhanom, pediu uma \u201cmorat\u00f3ria\u201d na aplica\u00e7\u00e3o de terceiras doses. Como estudos, inclusive revis\u00f5es de ag\u00eancias sanit\u00e1rias europeias e americanas, apontam que duas doses s\u00e3o o suficiente para a maior parte da popula\u00e7\u00e3o, a OMS pede que apenas idosos acima de 60 ou 65 anos recebam o refor\u00e7o. Tamb\u00e9m entram neste grupo imunossuprimidos, como pacientes em tratamento de quimioterapia.<\/p>\n<p>Outro destaque negativo na vacina\u00e7\u00e3o global fica por conta do negacionismo. Pa\u00edses com ampla oferta de vacinas sofrem com uma parcela da popula\u00e7\u00e3o que rejeita os imunizantes. Um dos casos mais s\u00e9rios s\u00e3o os Estados Unidos, onde milhares de doses perdem a validade por falta de americanos que queiram se vacinar. Governos locais chegaram a pagar 100 d\u00f3lares para quem se vacinasse. Mesmo assim, apenas 50,3% da popula\u00e7\u00e3o est\u00e1 totalmente imunizada. Autoridades locais identificaram que cerca de 90% das mortes por covid-19 neste ano s\u00e3o de pessoas n\u00e3o vacinadas.<\/p>\n<h3>As vacinas s\u00e3o seguras e eficazes?<\/h3>\n<p>Objetivamente: a resposta \u00e9 sim. Embora exista um grande fluxo de desinforma\u00e7\u00e3o sobre a seguran\u00e7a das vacinas, para todas as faixas et\u00e1rias estudadas os benef\u00edcios superam (e muito) os riscos, como de tromboses ou quest\u00f5es card\u00edacas. As porcentagens evidenciam que os perigos s\u00e3o baixos ou inexistentes, ao contr\u00e1rio do que foi observado para cloroquina e ivermectina, al\u00e9m de estas subst\u00e2ncias simplesmente n\u00e3o funcionarem contra a covid-19.<\/p>\n<p>Al\u00e9m dos estudos de efic\u00e1cia que orientam a aprova\u00e7\u00e3o do uso das vacinas, muitos estudos de efetividade j\u00e1 foram divulgados. Quando se fala em efetividade, est\u00e1 em jogo o \u201cmundo real\u201d, ou seja, os resultados obtidos atrav\u00e9s da aplica\u00e7\u00e3o em massa dos imunizantes.<\/p>\n<div class=\"wp-block-image\">\n<figure class=\"aligncenter size-large\"><img decoding=\"async\" class=\"wp-image-518055 lazyloaded\" src=\"https:\/\/www.redebrasilatual.com.br\/wp-content\/uploads\/2021\/09\/efetividades-1024x580.jpg\" sizes=\"(max-width: 1024px) 100vw, 1024px\" srcset=\"https:\/\/www.redebrasilatual.com.br\/wp-content\/uploads\/2021\/09\/efetividades-1024x580.jpg 1024w, https:\/\/www.redebrasilatual.com.br\/wp-content\/uploads\/2021\/09\/efetividades-360x204.jpg 360w, https:\/\/www.redebrasilatual.com.br\/wp-content\/uploads\/2021\/09\/efetividades-768x435.jpg 768w, https:\/\/www.redebrasilatual.com.br\/wp-content\/uploads\/2021\/09\/efetividades.jpg 1097w\" alt=\"\" data-ll-status=\"loaded\" \/><figcaption>Tabela de efetividades das vacinas em uso no mundo. Fonte: Mellanie Fontes-Dutra (UFRGS)<\/figcaption><\/figure>\n<\/div>\n<h3>Pode tomar duas doses de vacinas diferentes?<\/h3>\n<p>Sim, como visto na tabela de efetividade das vacinas, o uso combinado de imunizantes, al\u00e9m de seguro, funciona. Em alguns casos, o uso heter\u00f3geno das vacinas se mostra, inclusive, mais eficaz.<\/p>\n<p class=\"has-background has-pale-cyan-blue-background-color\"><a href=\"https:\/\/www.redebrasilatual.com.br\/saude-e-ciencia\/2021\/09\/combinar-doses-de-vacinas-astrazeneca-e-pfizer-e-seguro-e-eficaz-entenda\/\" target=\"_blank\" rel=\"noopener noreferrer\"><strong>Combinar vacinas diferentes \u00e9 seguro e eficaz. Entenda<\/strong><\/a><\/p>\n<h3>Quais os riscos da covid-19 entre os mais jovens? Como est\u00e1 a vacina\u00e7\u00e3o neste grupo?<\/h3>\n<p>As taxas de mortalidade da covid-19 despencam conforme a idade \u00e9 reduzida. Entretanto, existem riscos s\u00e9rios. Dados de Israel apontam que 10% dos jovens acometidos por covid-19 sintom\u00e1tica sofrem da chamada \u201c<a href=\"https:\/\/www.bbc.com\/portuguese\/vert-fut-57651040\" target=\"_blank\" rel=\"noopener noreferrer\">covid longa<\/a>\u201c, uma forma mais persistente e de dif\u00edcil tratamento da doen\u00e7a. Ap\u00f3s meses de cont\u00e1gio, estes jovens ainda apresentam sintomas. Existem iniciativas para classificar este impacto do v\u00edrus como uma \u201cdoen\u00e7a autoimune\u201d adquirida, de t\u00e3o s\u00e9rias e duradouras as consequ\u00eancias. No Brasil, em 2021, a covid-19 \u00e9 a maior respons\u00e1vel pela morte de adolescentes.<\/p>\n<p>Uma ampla variedade de estudos classifica a vacina\u00e7\u00e3o entre os mais jovens como segura e necess\u00e1ria. Al\u00e9m das mortes que s\u00e3o realidade, estes grupo, por frequentarem ambientes de risco, como escolas, s\u00e3o respons\u00e1veis por grande transmiss\u00e3o. Ent\u00e3o, a OMS, a Anvisa, os conselhos de secret\u00e1rios de Sa\u00fade, e a comunidade internacional recomendam a vacina\u00e7\u00e3o. Entretanto,\u00a0<a href=\"https:\/\/www.redebrasilatual.com.br\/saude-e-ciencia\/2021\/09\/queiroga-relata-pressao-de-bolsonaro-contra-vacinas-para-adolescentes\/\" target=\"_blank\" rel=\"noopener noreferrer\"><strong>Bolsonaro pressionou o Minist\u00e9rio da Sa\u00fade<\/strong><\/a>\u00a0para que o Brasil\u00a0<a href=\"https:\/\/www.redebrasilatual.com.br\/saude-e-ciencia\/2021\/09\/ministerio-saude-suspensao-vacinacao-adolescentes\/\" target=\"_blank\" rel=\"noopener noreferrer\"><strong>parasse de vacinar os mais jovens<\/strong><\/a>.<\/p>\n<p>Mesmo com a postura do governo federal, a maioria dos estados segue com a vacina\u00e7\u00e3o. Entre os estados que ignoraram a orienta\u00e7\u00e3o de Bolsonaro est\u00e3o S\u00e3o Paulo, Rio de Janeiro, Distrito Federal e todo o Nordeste. Est\u00e3o sendo vacinados jovens acima de 12 anos, conforme aprova\u00e7\u00e3o da Anvisa e recomenda\u00e7\u00e3o em bula da Pfizer, \u00fanico imunizante autorizado no pa\u00eds para esta faixa et\u00e1ria. J\u00e1 s\u00e3o mais de 4 milh\u00f5es de adolescentes em processo de imuniza\u00e7\u00e3o. Em S\u00e3o Paulo, 90,3% deste grupo j\u00e1 tomou a primeira dose, comprovando a ampla ades\u00e3o tamb\u00e9m dos jovens.<\/p>\n<p>A Pfizer divulgou um estudo tamb\u00e9m ontem (20) demonstrando\u00a0<strong><a href=\"https:\/\/www.redebrasilatual.com.br\/saude-e-ciencia\/2021\/09\/pfizer-eficacia-seguranca-vacina-criacas-5-11-anos\/\" target=\"_blank\" rel=\"noopener noreferrer\">efic\u00e1cia e seguran\u00e7a em crian\u00e7as de cinco a 11 anos<\/a><\/strong>. Em Cuba, por exemplo, a vacina Soberana j\u00e1 \u00e9 aplicada em crian\u00e7as acima de dois anos.<\/p>\n<h3>Qual o intervalo entre doses das vacinas dispon\u00edveis? \u00c9 seguro antecipar ou postergar?<\/h3>\n<p>Alguns estudos publicados em peri\u00f3dicos relevantes e deposit\u00e1rios de artigos cient\u00edficos apontam que um maior intervalo entre doses de algumas vacinas mostra-se mais eficaz. A partir disso, em caso de atraso da segunda dose, a orienta\u00e7\u00e3o \u00e9 para que se busque o refor\u00e7o o quanto antes.<\/p>\n<p>Existe uma ampla discuss\u00e3o em andamento sobre o tema. Entretanto, com\u00a0<a href=\"https:\/\/www.redebrasilatual.com.br\/saude-e-ciencia\/2021\/08\/variante-delta-pode-circular-com-facilidade-entre-vacinados-nova-pandemia-pesquisador\/\" target=\"_blank\" rel=\"noopener noreferrer\"><strong>o avan\u00e7o de variantes mais contagiosas, sobretudo a delta<\/strong><\/a>, a imuniza\u00e7\u00e3o completa mostra-se essencial. Com este fator sobre a mesa, calend\u00e1rios com maior breviedade poss\u00edvel s\u00e3o amplamente adotados pelos pa\u00edses.<\/p>\n<p>No caso da Pfizer, o recomendado em bula \u00e9 o intervalo de 21 dias. No Brasil, este intervalo flutua entre 90 e 21 dias. O Rio de Janeiro divulgou hoje, por exemplo, que reduziu o intervalo para o m\u00ednimo recomendado, 21 dias, para quem tem mais de 50 anos. Em S\u00e3o Paulo, os imunizados com Pfizer ou AstraZeneca, que tamb\u00e9m foi adotada em regime de 90 dias inicialmente, podem se inscrever na \u201cxepa\u201d ap\u00f3s 21 dias. J\u00e1 para a CoronaVac, o intervalo recomendado e utilizado \u00e9 o descrito em bula, de 21 dias.<\/p>\n<h3>Ap\u00f3s a vacina\u00e7\u00e3o, \u00e9 seguro se aglomerar?<\/h3>\n<p>Diferentes cientistas e institutos como a Fiocruz, recomendam que\u00a0<strong><a href=\"https:\/\/www.redebrasilatual.com.br\/saude-e-ciencia\/2021\/09\/com-variante-delta-nao-e-a-hora-de-liberar-tudo-infelizmente-alerta-professor-da-fiocruz\/\" target=\"_blank\" rel=\"noopener noreferrer\">as medidas de seguran\u00e7a devem continuar<\/a><\/strong>. A Fiocruz considera precipitado o fim do distanciamento social nos estados. Contudo, a sa\u00fade mental tamb\u00e9m \u00e9 algo a se levar em conta. A partir disso, a ci\u00eancia recomenda atividades ao ar livre, onde as chances de contamina\u00e7\u00e3o s\u00e3o reduzidas. Estudos tamb\u00e9m apontam para maior efic\u00e1cia de m\u00e1scaras do tipo PFF2 ou N95, com desempenho superior \u00e0s de pano ou cir\u00fargicas. Entretanto, na falta delas, o essencial \u00e9 usar m\u00e1scaras. Contudo, riscos sempre existem e estudos indicam que as novas variantes do novo coronav\u00edrus\u00a0<strong><a href=\"https:\/\/www.redebrasilatual.com.br\/saude-e-ciencia\/2021\/08\/variante-delta-pode-circular-com-facilidade-entre-vacinados-nova-pandemia-pesquisador\/\" target=\"_blank\" rel=\"noopener noreferrer\">podem circular mesmo entre vacinados<\/a><\/strong>, apesar de reduzidas as chances de mortalidade.<\/p>\n<h2><span style=\"text-decoration: underline;\">Quando a pandemia vai acabar?<\/span><\/h2>\n<p>O m\u00e9dico sanitarista e fundador da Anvisa Gonzalo Vecina teme que o fim n\u00e3o esteja t\u00e3o perto. Questionado sobre a realiza\u00e7\u00e3o do Carnaval do ano que vem, o especialista se posiciona contra. \u201cEm 2024 teremos um belo carnaval\u201d, avalia. Em um mundo globalizado, a seguran\u00e7a sanit\u00e1ria plena s\u00f3 vir\u00e1 com a comunidade internacional, de forma conjunta, combatendo o v\u00edrus. N\u00e3o est\u00e1 descartada a necessidade de novas doses de imunizantes. Estudos ainda est\u00e3o em andamento e a certeza da dura\u00e7\u00e3o da imunidade s\u00f3 vir\u00e1 com o tempo. Contudo, artigos e levantamentos internacionais recentes apontam que a efic\u00e1cia das vacinas supera as expectativas, e que este fim pode estar mais pr\u00f3ximo.<\/p>\n<p>O m\u00e9dico e deputado federal\u00a0<strong><a href=\"https:\/\/www.redebrasilatual.com.br\/tag\/alexandre-padilha\/\" target=\"_blank\" rel=\"noopener noreferrer\">Alexandre Padilha<\/a><\/strong>\u00a0(PT-SP) analisa cen\u00e1rios diferentes para o fim da pandemia. Em um deles, com a imuniza\u00e7\u00e3o coletiva, cepas contagiosas mas menos agressivas se sobressair\u00e3o. Algo como o ocorrido com a Gripe Espanhola, que se tornou end\u00eamica nos pa\u00edses como gripe comum. Por outro lado, tamb\u00e9m existem os riscos de novas muta\u00e7\u00f5es serem t\u00e3o agressivas e diferentes em sua forma gen\u00e9tica que possam derrubar a efic\u00e1cia das vacinas existentes. Neste cen\u00e1rio pessimista, seria necess\u00e1rio voltar \u00e0 prancheta para a elabora\u00e7\u00e3o de novos imunizantes.<\/p>\n<p><em>Fontes: Rastrador do covid Microsoft; Fiocruz; Lancet; Mellanie Fontes-Dutra (UFRGS); Alexandre Padilha (PT-SP); Jesem Orellana (Fiocruz); Minist\u00e9rio da Sa\u00fade; GloboNews; Ag\u00eancia Brasil; Denise Garret (CDC-EUA\/Sabin Vaccine); Rede An\u00e1lise Covid-19; Rede Brasileira de Mulheres Cientista<\/em>s;\u00a0<em>Pfizer; Oxford Universitie; Sinovac<\/em><\/p>\n","protected":false},"excerpt":{"rendered":"<p>A pandemia de covid-19 \u00e9 a maior crise sanit\u00e1ria do planeta em mais de 100 anos, ap\u00f3s a Gripe Espanhola de 1918. Naturalmente, com a doen\u00e7a, surgem muitas d\u00favidas a serem solucionadas. O novo coronav\u00edrus se torna um problema no fim de 2019, na cidade chinesa de Wuhan, prov\u00edncia de Hubei. O alcance e letalidade [&hellip;]<\/p>\n","protected":false},"author":2,"featured_media":11488,"comment_status":"","ping_status":"","sticky":false,"template":"","format":"standard","meta":{"footnotes":""},"categories":[3],"tags":[],"class_list":["post-11489","post","type-post","status-publish","format-standard","has-post-thumbnail","hentry","category-noticias"],"_links":{"self":[{"href":"https:\/\/hostnetart.com.br\/baixada\/wp-json\/wp\/v2\/posts\/11489","targetHints":{"allow":["GET"]}}],"collection":[{"href":"https:\/\/hostnetart.com.br\/baixada\/wp-json\/wp\/v2\/posts"}],"about":[{"href":"https:\/\/hostnetart.com.br\/baixada\/wp-json\/wp\/v2\/types\/post"}],"author":[{"embeddable":true,"href":"https:\/\/hostnetart.com.br\/baixada\/wp-json\/wp\/v2\/users\/2"}],"replies":[{"embeddable":true,"href":"https:\/\/hostnetart.com.br\/baixada\/wp-json\/wp\/v2\/comments?post=11489"}],"version-history":[{"count":0,"href":"https:\/\/hostnetart.com.br\/baixada\/wp-json\/wp\/v2\/posts\/11489\/revisions"}],"wp:featuredmedia":[{"embeddable":true,"href":"https:\/\/hostnetart.com.br\/baixada\/wp-json\/wp\/v2\/media\/11488"}],"wp:attachment":[{"href":"https:\/\/hostnetart.com.br\/baixada\/wp-json\/wp\/v2\/media?parent=11489"}],"wp:term":[{"taxonomy":"category","embeddable":true,"href":"https:\/\/hostnetart.com.br\/baixada\/wp-json\/wp\/v2\/categories?post=11489"},{"taxonomy":"post_tag","embeddable":true,"href":"https:\/\/hostnetart.com.br\/baixada\/wp-json\/wp\/v2\/tags?post=11489"}],"curies":[{"name":"wp","href":"https:\/\/api.w.org\/{rel}","templated":true}]}}