{"id":11487,"date":"2021-09-21T17:46:17","date_gmt":"2021-09-21T20:46:17","guid":{"rendered":"https:\/\/hostnetart.com.br\/baixada\/erro-na-plr-contraf-cut-envia-novo-oficio-a-caixa\/"},"modified":"2021-09-21T17:46:17","modified_gmt":"2021-09-21T20:46:17","slug":"erro-na-plr-contraf-cut-envia-novo-oficio-a-caixa","status":"publish","type":"post","link":"https:\/\/hostnetart.com.br\/baixada\/erro-na-plr-contraf-cut-envia-novo-oficio-a-caixa\/","title":{"rendered":"Erro na PLR: Contraf-CUT envia novo of\u00edcio \u00e0 Caixa"},"content":{"rendered":"<p>A Confedera\u00e7\u00e3o Nacional dos Trabalhadores do Ramo Financeiro (Contraf-CUT) enviou no final da tarde de sexta-feira (17) mais um of\u00edcio \u00e0 Caixa Econ\u00f4mica Federal com questionamentos sobre o valo pago aos empregados pelo banco a t\u00edtulo de PLR referente \u00e0 parcela adicional e \u00e0 PLR Social.<\/p>\n<p>\u201cJ\u00e1 t\u00ednhamos enviado um\u00a0<a href=\"https:\/\/contrafcut.com.br\/noticias\/contraf-cut-pede-explicacoes-e-cobra-pagamento-do-valor-correto-da-plr-da-caixa\" target=\"_blank\" rel=\"noopener noreferrer\">outro of\u00edcio<\/a>\u00a0no dia 13 de setembro, mas, naquela ocasi\u00e3o, os questionamentos se basearam no comunicado emitido pela pr\u00f3pria Caixa. Agora, pudemos enviar mais detalhes, pois tamb\u00e9m tivemos acesso aos holerites de empregados que reclamaram dos valores recebidos\u201d, explicou a coordenadora da Comiss\u00e3o Executiva dos Empregados (CEE) da Caixa, Fabiana Uehara Proscholdt, que tamb\u00e9m \u00e9 secret\u00e1ria de Cultura da Contraf-CUT. \u201cSe for preciso vamos desenhar para a Caixa entender que pagou errado e corrigir os valores\u201d, completou.<\/p>\n<p>\u201cCom os holerites em m\u00e3os, pudemos confirmar o que j\u00e1 havia sido constatado e conseguimos mostrar mais detalhadamente \u00e0 Caixa que os valores pagos s\u00e3o menores do que os que deveriam ter sido pagos\u201d, explicou o economista e t\u00e9cnico do Departamento Intersindical de Estat\u00edstica e Estudos Socioecon\u00f4micos (Dieese), que contribuiu com a realiza\u00e7\u00e3o dos c\u00e1lculos.<\/p>\n<h3>O of\u00edcio<\/h3>\n<p>A PLR dos 83.294 empregados \u00e9 composta pela soma da PLR Fenaban com a da PLR Social. A Caixa paga 50% a t\u00edtulo de adiantamento da regra b\u00e1sica da regra da Fenaban (90% do sal\u00e1rio + R$ 2.807,03 x 50%), mais 2,2% do lucro do 1\u00ba semestre distribu\u00eddo linearmente como parcela adicional. Como PLR Social o valor corresponde a 4% do lucro l\u00edquido do semestre distribu\u00eddo linearmente entre os empregados, proporcionalmente aos dias trabalhados individualmente no per\u00edodo.<\/p>\n<p>O of\u00edcio deixa claro que o questionamento \u00e9 com rela\u00e7\u00e3o ao adiantamento de PLR 2021 pago pela Caixa, especificamente quanto ao percentual do Lucro L\u00edquido da parcela adicional da PLR Fenaban, equivalente a 2,2% do lucro l\u00edquido, e da PLR Social, equivalente a 4% do lucro l\u00edquido.<\/p>\n<p>O texto observa que \u201ctanto a parcela adicional da PLR Fenaban quanto a PLR Social s\u00e3o diretamente vinculadas ao lucro l\u00edquido e, portanto, o pagamento de 50% do total anual devido nestas duas parcelas \u00e9 calculado tendo como par\u00e2metro o lucro l\u00edquido do 1\u00ba semestre, conforme descrito no ACT\u201d.<\/p>\n<p>A Contraf-CUT, em seu of\u00edcio detalha que \u201co valor devido para a Parcela Regra Adicional seria equivalente a divis\u00e3o linear de R$ 10.843.513.000,00 x 2,2%, que resultaria em valor de cerca de R$ 2.864,04. No entanto, para o caso da parcela adicional, o ACT prev\u00ea teto individual de R$ 2.807,03 na antecipa\u00e7\u00e3o. Portanto justamente esse teto seria o valor devido como antecipa\u00e7\u00e3o da parcela adicional para cada empregado da Caixa\u201d.<\/p>\n<p>J\u00e1 com rela\u00e7\u00e3o \u00e0 PLR Social, diz o of\u00edcio, \u201co valor devido, conforme ACT, \u00e9 equivalente \u00e0 divis\u00e3o linear de 10.843.513.000,00 x 4%, o que resultaria em valor de cerca de R$ 5.276,38. No caso da PLR Social n\u00e3o se aplica teto individual.<\/p>\n<p>Os valores calculados pela Caixa, por\u00e9m, correspondem \u00e0 R$ 1.451,01 e R$ 2.638,20, ou seja, praticamente metade do valor devido. Na pr\u00e1tica a forma utilizada pela Caixa resultou no pagamento n\u00e3o de 50% destas duas parcelas, conforme previsto no ACT, mas sim 25%, pois houve uma dupla divis\u00e3o por 2, primeiro ao utilizar o lucro semestral e depois ao aplicar em cima deste valor nova divis\u00e3o por dois.<\/p>\n<p>\u201cReiterando seus protestos, a Contraf-CUT requer a imediata regulariza\u00e7\u00e3o, com o pagamento da diferen\u00e7a devida relativa ao adiantamento da PLR\u201d, conclui o texto.<\/p>\n<h3>Prazo para pagamento<\/h3>\n<p>\u201cDe acordo com o que foi acordado na Conven\u00e7\u00e3o Coletiva de Trabalho (CCT) da categoria e no ACT dos empregados, a Caixa tem at\u00e9 o dia 30 de setembro para efetuar o pagamento. Estamos cobrando uma mesa de negocia\u00e7\u00e3o para tratar do assunto\u201d, concluiu a coordenadora da CEE.<\/p>\n<p><strong>Fonte: Contraf-CUT<\/strong><\/p>\n","protected":false},"excerpt":{"rendered":"<p>A Confedera\u00e7\u00e3o Nacional dos Trabalhadores do Ramo Financeiro (Contraf-CUT) enviou no final da tarde de sexta-feira (17) mais um of\u00edcio \u00e0 Caixa Econ\u00f4mica Federal com questionamentos sobre o valo pago aos empregados pelo banco a t\u00edtulo de PLR referente \u00e0 parcela adicional e \u00e0 PLR Social. \u201cJ\u00e1 t\u00ednhamos enviado um\u00a0outro of\u00edcio\u00a0no dia 13 de setembro, [&hellip;]<\/p>\n","protected":false},"author":2,"featured_media":11486,"comment_status":"","ping_status":"","sticky":false,"template":"","format":"standard","meta":{"footnotes":""},"categories":[3],"tags":[],"class_list":["post-11487","post","type-post","status-publish","format-standard","has-post-thumbnail","hentry","category-noticias"],"_links":{"self":[{"href":"https:\/\/hostnetart.com.br\/baixada\/wp-json\/wp\/v2\/posts\/11487","targetHints":{"allow":["GET"]}}],"collection":[{"href":"https:\/\/hostnetart.com.br\/baixada\/wp-json\/wp\/v2\/posts"}],"about":[{"href":"https:\/\/hostnetart.com.br\/baixada\/wp-json\/wp\/v2\/types\/post"}],"author":[{"embeddable":true,"href":"https:\/\/hostnetart.com.br\/baixada\/wp-json\/wp\/v2\/users\/2"}],"replies":[{"embeddable":true,"href":"https:\/\/hostnetart.com.br\/baixada\/wp-json\/wp\/v2\/comments?post=11487"}],"version-history":[{"count":0,"href":"https:\/\/hostnetart.com.br\/baixada\/wp-json\/wp\/v2\/posts\/11487\/revisions"}],"wp:featuredmedia":[{"embeddable":true,"href":"https:\/\/hostnetart.com.br\/baixada\/wp-json\/wp\/v2\/media\/11486"}],"wp:attachment":[{"href":"https:\/\/hostnetart.com.br\/baixada\/wp-json\/wp\/v2\/media?parent=11487"}],"wp:term":[{"taxonomy":"category","embeddable":true,"href":"https:\/\/hostnetart.com.br\/baixada\/wp-json\/wp\/v2\/categories?post=11487"},{"taxonomy":"post_tag","embeddable":true,"href":"https:\/\/hostnetart.com.br\/baixada\/wp-json\/wp\/v2\/tags?post=11487"}],"curies":[{"name":"wp","href":"https:\/\/api.w.org\/{rel}","templated":true}]}}