{"id":11485,"date":"2021-09-20T20:27:06","date_gmt":"2021-09-20T23:27:06","guid":{"rendered":"https:\/\/hostnetart.com.br\/baixada\/bradesco-pagou-plr-neste-sabado-18\/"},"modified":"2021-09-20T20:27:06","modified_gmt":"2021-09-20T23:27:06","slug":"bradesco-pagou-plr-neste-sabado-18","status":"publish","type":"post","link":"https:\/\/hostnetart.com.br\/baixada\/bradesco-pagou-plr-neste-sabado-18\/","title":{"rendered":"Bradesco pagou PLR neste s\u00e1bado (18)"},"content":{"rendered":"<p><a href=\"https:\/\/contrafcut.com.br\/noticias\/plr-do-bradesco-sera-paga-dia-20\" target=\"_blank\" rel=\"noopener noreferrer\">Conforme anunciado<\/a>\u00a0pela Confedera\u00e7\u00e3o Nacional dos Trabalhadores do Ramo Financeiro (Contraf-CUT) no dia 10, o banco Bradesco pagaria a primeira parcela da Participa\u00e7\u00e3o nos Lucros e\/ou Resultados (PLR) nesta segunda-feira (20). O pagamento foi efetuado no s\u00e1bado e hoje j\u00e1 est\u00e1 na conta dos empregados. Segundo o que determina a Conven\u00e7\u00e3o Coletiva de Trabalho (CCT) da categoria, o banco poderia efetuar o pagamento at\u00e9 o dia 30 de setembro, mas, atendendo pedido da Contraf-CUT e das demais entidades que comp\u00f5em o Comando Nacional dos Banc\u00e1rios, antecipou o pagamento. Al\u00e9m da PLR, o banco tamb\u00e9m antecipar\u00e1 a 13\u00aa Cesta. Neste caso, o pagamento ser\u00e1 no final do m\u00eas de setembro.<\/p>\n<p>\u201c\u00c9 importante que o trabalhador saiba que a PLR \u00e9 uma conquista hist\u00f3rica da luta da classe trabalhadora e que a categoria banc\u00e1ria foi uma das pioneiras deste movimento que obteve este direito. Mas, tamb\u00e9m \u00e9 fundamental que ele saiba que esta conquista precisa ser redefinida a cada ano nas negocia\u00e7\u00f5es realizadas pelo Comando Nacional dos Banc\u00e1rios\u201d, observou a coordenadora da Comiss\u00e3o de Organiza\u00e7\u00e3o dos Empregados (COE) do Bradesco, Magaly Fagundes. \u201cEste direito \u00e9 garantido somente \u00e0s categorias que conseguem inclu\u00ed-lo em suas conven\u00e7\u00f5es coletivas\u201d, completou.<\/p>\n<p>A\u00a0<a href=\"http:\/\/www.planalto.gov.br\/ccivil_03\/Constituicao\/Constituicao.htm#7XI\" target=\"_blank\" rel=\"noopener noreferrer\">Constitui\u00e7\u00e3o Federal<\/a>\u00a0de 1988, em seu artigo 7\u00ba, inciso XI, inclui a PLR como um direito que visa a melhoria da condi\u00e7\u00e3o social dos trabalhadores urbanos e rurais. Mas, este direito somente \u00e9 regulamentado em 2000, pela\u00a0<a href=\"http:\/\/www.planalto.gov.br\/ccivil_03\/leis\/l10101compilado.htm\" target=\"_blank\" rel=\"noopener noreferrer\">Lei 10.101<\/a>, que n\u00e3o torna obrigat\u00f3rio o pagamento da PLR, e diz, em seu artigo 2\u00ba, que o pagamento \u201cser\u00e1 objeto de negocia\u00e7\u00e3o entre a empresa e seus empregados\u201d.<\/p>\n<p>\u201cTodo banc\u00e1rio sabe o que significa o recebimento da PLR em seu or\u00e7amento. Por isso, \u00e9 importante que ele saiba que, a cada ano de negocia\u00e7\u00e3o, temos que nos organizar e nos mobilizar para reconquistar esse direito\u201d, ressaltou a coordenadora da COE Bradesco.<\/p>\n<h3><strong>Acordo de dois anos<\/strong><\/h3>\n<p>Magaly tamb\u00e9m lembrou que o\u00a0<a href=\"https:\/\/contrafcut.com.br\/noticias\/bancarios-terao-reajuste-de-1097\" target=\"_blank\" rel=\"noopener noreferrer\">acordo de dois anos<\/a>, conquistado pelo Comando Nacional dos Banc\u00e1rios em negocia\u00e7\u00e3o com a Fenaban em 2020, garantiu n\u00e3o apenas o recebimento da PLR pelos banc\u00e1rios, mas tamb\u00e9m a manuten\u00e7\u00e3o de todos os direitos estabelecidos na CCT da categoria, al\u00e9m da reposi\u00e7\u00e3o da infla\u00e7\u00e3o e ganho real de 0,5%.<\/p>\n<p>Neste ano, todas as cl\u00e1usulas econ\u00f4micas da Conven\u00e7\u00e3o Coletiva de Trabalho da categoria banc\u00e1ria (sal\u00e1rios, VA e VR, as parcelas fixa, adicional e o teto da PLR, 13\u00aa cesta, aux\u00edlio creche\/bab\u00e1, vale transporte, aux\u00edlio-funeral, requalifica\u00e7\u00e3o profissional, entre outras) ter\u00e3o reajuste de 10,97%. O reajuste corresponde \u00e0 reposi\u00e7\u00e3o da infla\u00e7\u00e3o (INPC entre 1\u00ba de setembro de 2020 e 31 de agosto de 2021) mais aumento real de 0,5%.<\/p>\n<h3><strong>Regra conquistada<\/strong><\/h3>\n<p>A PLR total da categoria banc\u00e1ria (a antecipa\u00e7\u00e3o paga agora em setembro, mais a segunda parcela, que ser\u00e1 paga at\u00e9 o final de mar\u00e7o de 2022) corresponde a 90% do sal\u00e1rio-base acrescido das verbas fixas de natureza salarial, mais o valor fixo, neste ano, de R$ 2.807,03. Se a soma do valor total da \u201cRegra B\u00e1sica\u201d da PLR de todos os funcion\u00e1rios for inferior a 5% (cinco por cento) do lucro l\u00edquido do banco, o valor individual dever\u00e1 ser majorado at\u00e9 alcan\u00e7ar 2,2 sal\u00e1rios do empregado, limitado ao valor de R$ 33.128,21, ou at\u00e9 que o valor total da \u201cRegra B\u00e1sica\u201d da PLR atinja 5% (cinco por cento) do lucro l\u00edquido, o que ocorrer primeiro.<\/p>\n<p>Al\u00e9m disso, tem uma parcela adicional, cujo valor \u00e9 determinado pela divis\u00e3o linear da import\u00e2ncia equivalente a 2,2% do lucro l\u00edquido do banco pelo n\u00famero total de empregados eleg\u00edveis, de acordo com as regras estabelecidas, at\u00e9 o limite individual de R$ 5.614,06.<\/p>\n<p>Outra conquista sobre a PLR \u00e9 a antecipa\u00e7\u00e3o, a ser paga at\u00e9, no m\u00e1ximo, 30 de setembro, do valor correspondente a 54% do sal\u00e1rio-base mais verbas fixas de natureza salarial, acrescido do valor fixo de R$ 1.684,21, al\u00e9m da parcela adicional, com valor equivalente a 2,2% do lucro l\u00edquido apurado no 1\u00ba semestre de 2021, at\u00e9 o limite individual de R$ 2.807,03.<\/p>\n<p><strong>Fonte: Contraf-CUT<\/strong><\/p>\n","protected":false},"excerpt":{"rendered":"<p>Conforme anunciado\u00a0pela Confedera\u00e7\u00e3o Nacional dos Trabalhadores do Ramo Financeiro (Contraf-CUT) no dia 10, o banco Bradesco pagaria a primeira parcela da Participa\u00e7\u00e3o nos Lucros e\/ou Resultados (PLR) nesta segunda-feira (20). O pagamento foi efetuado no s\u00e1bado e hoje j\u00e1 est\u00e1 na conta dos empregados. Segundo o que determina a Conven\u00e7\u00e3o Coletiva de Trabalho (CCT) da [&hellip;]<\/p>\n","protected":false},"author":2,"featured_media":11484,"comment_status":"","ping_status":"","sticky":false,"template":"","format":"standard","meta":{"footnotes":""},"categories":[3],"tags":[],"class_list":["post-11485","post","type-post","status-publish","format-standard","has-post-thumbnail","hentry","category-noticias"],"_links":{"self":[{"href":"https:\/\/hostnetart.com.br\/baixada\/wp-json\/wp\/v2\/posts\/11485","targetHints":{"allow":["GET"]}}],"collection":[{"href":"https:\/\/hostnetart.com.br\/baixada\/wp-json\/wp\/v2\/posts"}],"about":[{"href":"https:\/\/hostnetart.com.br\/baixada\/wp-json\/wp\/v2\/types\/post"}],"author":[{"embeddable":true,"href":"https:\/\/hostnetart.com.br\/baixada\/wp-json\/wp\/v2\/users\/2"}],"replies":[{"embeddable":true,"href":"https:\/\/hostnetart.com.br\/baixada\/wp-json\/wp\/v2\/comments?post=11485"}],"version-history":[{"count":0,"href":"https:\/\/hostnetart.com.br\/baixada\/wp-json\/wp\/v2\/posts\/11485\/revisions"}],"wp:featuredmedia":[{"embeddable":true,"href":"https:\/\/hostnetart.com.br\/baixada\/wp-json\/wp\/v2\/media\/11484"}],"wp:attachment":[{"href":"https:\/\/hostnetart.com.br\/baixada\/wp-json\/wp\/v2\/media?parent=11485"}],"wp:term":[{"taxonomy":"category","embeddable":true,"href":"https:\/\/hostnetart.com.br\/baixada\/wp-json\/wp\/v2\/categories?post=11485"},{"taxonomy":"post_tag","embeddable":true,"href":"https:\/\/hostnetart.com.br\/baixada\/wp-json\/wp\/v2\/tags?post=11485"}],"curies":[{"name":"wp","href":"https:\/\/api.w.org\/{rel}","templated":true}]}}