{"id":11483,"date":"2021-09-17T15:35:24","date_gmt":"2021-09-17T18:35:24","guid":{"rendered":"https:\/\/hostnetart.com.br\/baixada\/brasileiros-reconhecem-na-pandemia-importancia-do-sus\/"},"modified":"2021-09-17T15:35:24","modified_gmt":"2021-09-17T18:35:24","slug":"brasileiros-reconhecem-na-pandemia-importancia-do-sus","status":"publish","type":"post","link":"https:\/\/hostnetart.com.br\/baixada\/brasileiros-reconhecem-na-pandemia-importancia-do-sus\/","title":{"rendered":"Brasileiros reconhecem na pandemia import\u00e2ncia do SUS"},"content":{"rendered":"<p>Mesmo quem nunca pisou em um hospital p\u00fablico j\u00e1 usou alguma vez o Sistema \u00danico de Sa\u00fade (SUS). De fiscaliza\u00e7\u00e3o de alimentos a regras para medicamentos, de doa\u00e7\u00e3o de leite humano e at\u00e9 a qualidade da \u00e1gua pot\u00e1vel que chega \u00e0s resid\u00eancias dos brasileiros s\u00e3o a\u00e7\u00f5es do Sistema. Segundo dados do IBGE, da Pesquisa Nacional de Sa\u00fade, realizada em 2019, ou seja, antes da pandemia, constatou que<a href=\"https:\/\/agenciadenoticias.ibge.gov.br\/agencia-sala-de-imprensa\/2013-agencia-de-noticias\/releases\/28793-pns-2019-sete-em-cada-dez-pessoas-que-procuram-o-mesmo-servico-de-saude-vao-a-rede-publica\">\u00a0sete em cada dez pessoas que procuram o servi\u00e7o de sa\u00fade p\u00fablica no Brasil procuram a rede p\u00fablica, ou o SUS<\/a>.\u00a0 \u00a0<\/p>\n<p>Criado a partir da Constitui\u00e7\u00e3o de 88, o SUS completa 33 anos no pr\u00f3ximo dia 19 de setembro, seus princ\u00edpios foram constru\u00eddos a partir de um grande debate com a sociedade e com entidades como o Conselho Nacional de Sa\u00fade e s\u00e3o baseados na universalidade, equidade e integralidade da Sa\u00fade. \u201cSe antes as pessoas usavam, mas nem sabiam que era o SUS, com a pandemia as pessoas perceberam a import\u00e2ncia desses conceitos, que realmente fazem a sa\u00fade ser um direito de cidadania de todos, que cabe ao Estado assegurar\u201d, afirma o deputado federal Alexandre Padilha (PT-SP), m\u00e9dico e ex-ministro da Sa\u00fade do governo Dilma Roussef.\u00a0<\/p>\n<p>Esse reconhecimento foi constatado localmente na maior cidade do pa\u00eds pela pesquisa\u00a0<a href=\"http:\/\/saopaulo.folha.uol.com.br\/o-melhor-de-saopaulo\/2021\/servicos\/\">Data Folha \u201cO Melhor de S\u00e3o Paulo \u2013 Servi\u00e7os 2021<\/a>\u201d, divulgada em 29 de abril deste ano, em que pela primeira vez os paulistanos elegeram o SUS como o melhor servi\u00e7o p\u00fablico de S\u00e3o Paulo. Segundo o Instituto, o sistema foi apontado como o melhor servi\u00e7o da capital por 13% dos entrevistados, \u00e0 frente do Poupatempo, institui\u00e7\u00e3o hexacampe\u00e3 na pesquisa e que teve 12% de votos.\u00a0\u00a0<\/p>\n<p>Padilha alerta, contudo, que o corte de verbas da Sa\u00fade continua a ocorrer e criticou o or\u00e7amento de 2021, a redu\u00e7\u00e3o em mais de R$ 2, 3 bilh\u00f5es (de R$ 25,6 bilh\u00f5es para 23,3 bilh\u00f5es) do montante destinado \u00e0 Sa\u00fade, sem contar os valores extraordin\u00e1rios de combate \u00e0 pandemia. Mesmo com os cortes, ressalta o ex-ministro, 93% dos exames de Covid-19 no pa\u00eds foram feitos pelo SUS. S\u00f3 7% foram feitos pelo setor privado, embora ele englobe 22% da popula\u00e7\u00e3o.\u00a0\u00a0<\/p>\n<p>\u201c\u00c9 preciso que esse reconhecimento se reverta em luta e mobiliza\u00e7\u00e3o para manter os servi\u00e7os, constantemente amea\u00e7ados pela perda de recursos e pela tentativa de enfraquecer o sistema. H\u00e1 interesses poderosos das grandes corpora\u00e7\u00f5es de sa\u00fade em enfraquecer essa grande conquista da popula\u00e7\u00e3o brasileira\u201d, afirma ele, que \u00e9 autor de um projeto de lei j\u00e1 aprovado pela Comiss\u00e3o de Seguridade Social em seu m\u00e9rito, para<a href=\"https:\/\/www.camara.leg.br\/proposicoesWeb\/prop_mostrarintegra;jsessionid=node0dv6hqutu1zjvgaupf2flhakf795331.node0?codteor=1910039&amp;filename=PL+3644\/2020\">\u00a0transformar a marca do SUS em S\u00edmbolo Nacional<\/a>\u00a0(PL 3.644\/20).\u00a0 \u00a0<\/p>\n<p>\u201cQuando se fala da import\u00e2ncia da doa\u00e7\u00e3o de sangue, da qualidade dos nossos bancos de sangue, de aleitamento, n\u00e3o sabemos que se fala do SUS. A imprensa divulga bonitas hist\u00f3rias de vidas salvas pelo SUS, mas n\u00e3o sabemos disso. Acreditamos que s\u00f3 podemos defender aquilo que conhecemos at\u00e9 para que possamos melhor\u00e1-lo e fortalec\u00ea-lo ainda mais\u201d, defende o deputado, que ressalta que isso n\u00e3o significa que o sistema \u00e9 perfeito. \u201cMas da mesma maneira que temos orgulho de usar a bandeira do Brasil, sabendo que muita coisa precisa ser mudada em nosso pa\u00eds, precisamos enaltecer o SUS como patrim\u00f4nio nacional\u201d. A proposta do parlamentar est\u00e1 com pedido de regime de urg\u00eancia para aprecia\u00e7\u00e3o pelo plen\u00e1rio da C\u00e2mara Federal.<\/p>\n<p><strong>Fonte: Fenae<\/strong><\/p>\n","protected":false},"excerpt":{"rendered":"<p>Mesmo quem nunca pisou em um hospital p\u00fablico j\u00e1 usou alguma vez o Sistema \u00danico de Sa\u00fade (SUS). De fiscaliza\u00e7\u00e3o de alimentos a regras para medicamentos, de doa\u00e7\u00e3o de leite humano e at\u00e9 a qualidade da \u00e1gua pot\u00e1vel que chega \u00e0s resid\u00eancias dos brasileiros s\u00e3o a\u00e7\u00f5es do Sistema. Segundo dados do IBGE, da Pesquisa Nacional [&hellip;]<\/p>\n","protected":false},"author":2,"featured_media":11482,"comment_status":"","ping_status":"","sticky":false,"template":"","format":"standard","meta":{"footnotes":""},"categories":[3],"tags":[],"class_list":["post-11483","post","type-post","status-publish","format-standard","has-post-thumbnail","hentry","category-noticias"],"_links":{"self":[{"href":"https:\/\/hostnetart.com.br\/baixada\/wp-json\/wp\/v2\/posts\/11483","targetHints":{"allow":["GET"]}}],"collection":[{"href":"https:\/\/hostnetart.com.br\/baixada\/wp-json\/wp\/v2\/posts"}],"about":[{"href":"https:\/\/hostnetart.com.br\/baixada\/wp-json\/wp\/v2\/types\/post"}],"author":[{"embeddable":true,"href":"https:\/\/hostnetart.com.br\/baixada\/wp-json\/wp\/v2\/users\/2"}],"replies":[{"embeddable":true,"href":"https:\/\/hostnetart.com.br\/baixada\/wp-json\/wp\/v2\/comments?post=11483"}],"version-history":[{"count":0,"href":"https:\/\/hostnetart.com.br\/baixada\/wp-json\/wp\/v2\/posts\/11483\/revisions"}],"wp:featuredmedia":[{"embeddable":true,"href":"https:\/\/hostnetart.com.br\/baixada\/wp-json\/wp\/v2\/media\/11482"}],"wp:attachment":[{"href":"https:\/\/hostnetart.com.br\/baixada\/wp-json\/wp\/v2\/media?parent=11483"}],"wp:term":[{"taxonomy":"category","embeddable":true,"href":"https:\/\/hostnetart.com.br\/baixada\/wp-json\/wp\/v2\/categories?post=11483"},{"taxonomy":"post_tag","embeddable":true,"href":"https:\/\/hostnetart.com.br\/baixada\/wp-json\/wp\/v2\/tags?post=11483"}],"curies":[{"name":"wp","href":"https:\/\/api.w.org\/{rel}","templated":true}]}}