{"id":1148,"date":"2014-05-05T00:00:00","date_gmt":"2014-05-05T03:00:00","guid":{"rendered":"https:\/\/hostnetart.com.br\/baixada\/eleicoes-da-funcef-comecam-nesta-segunda-contraf-cut-apoia-chapa-1\/"},"modified":"2014-05-05T00:00:00","modified_gmt":"2014-05-05T03:00:00","slug":"eleicoes-da-funcef-comecam-nesta-segunda-contraf-cut-apoia-chapa-1","status":"publish","type":"post","link":"https:\/\/hostnetart.com.br\/baixada\/eleicoes-da-funcef-comecam-nesta-segunda-contraf-cut-apoia-chapa-1\/","title":{"rendered":"Elei\u00e7\u00f5es da Funcef come\u00e7am nesta segunda. Contraf-CUT apoia Chapa 1"},"content":{"rendered":"<p>Come\u00e7am nesta segunda-feira (5) as elei\u00e7\u00f5es dos representantes dos associados nas inst\u00e2ncias da Funcef. A Contraf-CUT manifesta total apoio \u00e0 Chapa 1 \u2013 Movimento pela Funcef. A vota\u00e7\u00e3o acontece at\u00e9 sexta-feira (9) em todo o pa\u00eds.<\/p>\n<p>O processo eleitoral define os ocupantes dos tr\u00eas cargos de diretores eleitos e tamb\u00e9m das duas das tr\u00eas vagas no Conselho Deliberativo e uma no Conselho Fiscal.<\/p>\n<p>Entre as propostas da Chapa 1 destacam-se: lutar pelo fim do voto de Minerva; refor\u00e7ar a atua\u00e7\u00e3o dos comit\u00eas de assessoramento t\u00e9cnico; zelar pela qualidade, seguran\u00e7a, controle e risco dos investimentos; acompanhar de perto cada fase de vida do associado e aprimorar a educa\u00e7\u00e3o financeira e previdenci\u00e1ria; e continuar a luta para que a Caixa pague o custo das reservas nas a\u00e7\u00f5es trabalhistas com reflexos nos planos.<\/p>\n<p><strong>Compromisso, experi\u00eancia e luta<\/strong><\/p>\n<p>Para Carlos Cordeiro, presidente da Contraf-CUT, n\u00e3o h\u00e1 d\u00favida de que a Chapa 1 \u00e9 a mais comprometida e preparada para representar os associados da ativa, aposentados e pensionistas na gest\u00e3o da Funcef. \u201cOs integrantes dessa chapa s\u00e3o pessoas capacitadas e experientes. Estou seguro de que, eleitos, eles far\u00e3o um trabalho s\u00e9rio e digno na gest\u00e3o do fundo de pens\u00e3o dos empregados da Caixa\u201d, afirma.<\/p>\n<p>Al\u00e9m da Contraf-CUT, a Chapa 1 tem o apoio da esmagadora maioria dos sindicatos e federa\u00e7\u00f5es de banc\u00e1rios de todo o pa\u00eds. Reunido nesta semana, em Bras\u00edlia, o Conselho Deliberativo Nacional (CDN) da Fenae decidiu apoiar tamb\u00e9m a Chapa 1.<\/p>\n<p>Na avalia\u00e7\u00e3o do CDN, que congrega os presidentes das 27 Apcefs de todo o pa\u00eds, al\u00e9m da Diretoria Executiva da Fenae, a Chapa 1 representa a luta dos empregados e aposentados da Caixa por uma Funcef ainda mais transparente e que garanta melhores benef\u00edcios para todos. \u00c9 vista tamb\u00e9m como a garantia de aprimoramento das conquistas dos \u00faltimos anos.<\/p>\n<p>\u201cA Chapa 1 tem igualmente o meu apoio. \u00c9 formada por pessoas com capacidade t\u00e9cnica e representa\u00e7\u00e3o coletiva que sempre lutaram e defenderam a categoria. Conhe\u00e7o essas pessoas desde quando entrei na Caixa em 1989. Estamos bem representados\u201d, destaca Jair Ferreira, presidente da Fenae.<\/p>\n<p>\u00c9 importante que os empregados da ativa e aposentados participem da elei\u00e7\u00e3o, que decide o destino do patrim\u00f4nio dos trabalhadores para garantir aposentadoria digna.<\/p>\n<p>\u201cA Chapa 1 representa a grande maioria das entidades sindicais e representativas do funcionalismo, tem experi\u00eancia nas lutas coletivas e vai defender com toda a certeza os interesses dos trabalhadores na Funcef\u201d, ressalta Fabiana Uehara Proscholdt , empregada da Caixa e diretora executiva da Contraf-CUT.<\/p>\n<p><strong>Veja quem s\u00e3o os candidatos e as candidatos da Chapa 1<\/strong><\/p>\n<p><strong>Diretoria Executiva<\/strong><br \/>Jos\u00e9 Carlos Alonso<br \/>Pedro Eugenio Beneduzzi Leite<br \/>Renata Marotta.<\/p>\n<p><strong>Conselho Deliberativo<\/strong><br \/>Jaqueline Maria Fonseca Mello (titular)<br \/>Ol\u00edvio Gomes Vieira (titular)<br \/>Emanoel Souza de Jesus (suplente)<br \/>Celso Matos (suplente)<\/p>\n<p><strong>Conselho Fiscal\u00a0<\/strong><br \/>Marilde Perin Zarpellon (titular)<br \/>Gilmar Cabral Aguirre (suplente)<\/p>\n<p>Mais informa\u00e7\u00f5es podem ser obtidas no\u00a0<strong>www.chapadomovimento.org.br<\/strong><\/p>\n<p><strong>Como votar<\/strong><\/p>\n<p>Os empregados da Caixa (inclusive os que estiverem em gozo de f\u00e9rias e licen\u00e7a, al\u00e9m dos cedidos \u00e0s entidades sindicais e representativas) votam pelo autoatendimento, op\u00e7\u00e3o 4.1 do SISRH, que pode ser acessado em qualquer unidade da Caixa. Basta selecionar a op\u00e7\u00e3o \u201cElei\u00e7\u00f5es Funcef 2014\u2033, seguir as orienta\u00e7\u00f5es e fazer a sua escolha.<\/p>\n<p>Os aposentados, pensionistas, autopatrocinados, empregados Caixa afastados e cedidos e empregados da Funcef poder\u00e3o votar pela p\u00e1gina das Elei\u00e7\u00f5es 2014 na internet ou pelo telefone.<\/p>\n<p>Pelo telefone, \u00e9 s\u00f3 pegar a senha e ligar para 0800 722 0158 e seguir as instru\u00e7\u00f5es da grava\u00e7\u00e3o. Ser\u00e3o aceitas as liga\u00e7\u00f5es feitas a partir de telefone fixo e m\u00f3vel identific\u00e1vel.<\/p>\n<p>Fonte: Contraf-CUT com Fenae<\/p>\n","protected":false},"excerpt":{"rendered":"<p>Come\u00e7am nesta segunda-feira (5) as elei\u00e7\u00f5es dos representantes dos associados nas inst\u00e2ncias da Funcef. A Contraf-CUT manifesta total apoio \u00e0 Chapa 1 \u2013 Movimento pela Funcef. A vota\u00e7\u00e3o acontece at\u00e9 sexta-feira (9) em todo o pa\u00eds. O processo eleitoral define os ocupantes dos tr\u00eas cargos de diretores eleitos e tamb\u00e9m das duas das tr\u00eas vagas [&hellip;]<\/p>\n","protected":false},"author":1,"featured_media":0,"comment_status":"","ping_status":"","sticky":false,"template":"","format":"standard","meta":{"footnotes":""},"categories":[3],"tags":[],"class_list":["post-1148","post","type-post","status-publish","format-standard","hentry","category-noticias"],"_links":{"self":[{"href":"https:\/\/hostnetart.com.br\/baixada\/wp-json\/wp\/v2\/posts\/1148","targetHints":{"allow":["GET"]}}],"collection":[{"href":"https:\/\/hostnetart.com.br\/baixada\/wp-json\/wp\/v2\/posts"}],"about":[{"href":"https:\/\/hostnetart.com.br\/baixada\/wp-json\/wp\/v2\/types\/post"}],"author":[{"embeddable":true,"href":"https:\/\/hostnetart.com.br\/baixada\/wp-json\/wp\/v2\/users\/1"}],"replies":[{"embeddable":true,"href":"https:\/\/hostnetart.com.br\/baixada\/wp-json\/wp\/v2\/comments?post=1148"}],"version-history":[{"count":0,"href":"https:\/\/hostnetart.com.br\/baixada\/wp-json\/wp\/v2\/posts\/1148\/revisions"}],"wp:attachment":[{"href":"https:\/\/hostnetart.com.br\/baixada\/wp-json\/wp\/v2\/media?parent=1148"}],"wp:term":[{"taxonomy":"category","embeddable":true,"href":"https:\/\/hostnetart.com.br\/baixada\/wp-json\/wp\/v2\/categories?post=1148"},{"taxonomy":"post_tag","embeddable":true,"href":"https:\/\/hostnetart.com.br\/baixada\/wp-json\/wp\/v2\/tags?post=1148"}],"curies":[{"name":"wp","href":"https:\/\/api.w.org\/{rel}","templated":true}]}}