{"id":11479,"date":"2021-09-17T13:32:07","date_gmt":"2021-09-17T16:32:07","guid":{"rendered":"https:\/\/hostnetart.com.br\/baixada\/banco-safra-pagara-plr-no-dia-24\/"},"modified":"2021-09-17T13:32:07","modified_gmt":"2021-09-17T16:32:07","slug":"banco-safra-pagara-plr-no-dia-24","status":"publish","type":"post","link":"https:\/\/hostnetart.com.br\/baixada\/banco-safra-pagara-plr-no-dia-24\/","title":{"rendered":"Banco Safra pagar\u00e1 PLR no dia 24"},"content":{"rendered":"<p>O banco Safra atendeu a reivindica\u00e7\u00e3o do movimento sindical e antecipar\u00e1 o pagamento da primeira parcela da Participa\u00e7\u00e3o nos Lucros e\/ou Resultados (PLR) para o dia 24 de setembro, na pr\u00f3xima sexta-feira, juntamente com o pagamento do sal\u00e1rio do m\u00eas.<\/p>\n<p>Neste ano, todas as cl\u00e1usulas econ\u00f4micas da Conven\u00e7\u00e3o Coletiva de Trabalho da categoria banc\u00e1ria (sal\u00e1rios, VA e VR, as parcelas fixa, adicional e o teto da PLR, 13\u00aa cesta, aux\u00edlio creche\/bab\u00e1, vale transporte, aux\u00edlio-funeral, requalifica\u00e7\u00e3o profissional, entre outras) ter\u00e3o reajuste de 10,97%. O reajuste corresponde \u00e0 reposi\u00e7\u00e3o da infla\u00e7\u00e3o (INPC entre 1\u00ba de setembro de 2020 e 31 de agosto de 2021) mais aumento real de 0,5%.<\/p>\n<h3><strong>Acordo de dois anos<\/strong><\/h3>\n<p>A PLR n\u00e3o \u00e9 um benef\u00edcio dado pelo banco, mas sim um direito conquistado pela categoria e que \u00e9 negociado a cada campanha.<\/p>\n<p>Ao perceberem que a PLR, o reajuste e tantos outros direitos n\u00e3o s\u00e3o benef\u00edcios, mas conquistas, os trabalhadores entendem a necessidade se unir para lutar por aquilo que querem.<\/p>\n<h3><strong>Regra conquistada<\/strong><\/h3>\n<p>A PLR total da categoria banc\u00e1ria (a antecipa\u00e7\u00e3o paga agora em setembro, mais a segunda parcela, que ser\u00e1 paga at\u00e9 o final de mar\u00e7o de 2022) corresponde a 90% do sal\u00e1rio-base acrescido das verbas fixas de natureza salarial, mais o valor fixo, neste ano, de R$ 2.807,03. Se a soma do valor total da \u201cRegra B\u00e1sica\u201d da PLR de todos os funcion\u00e1rios for inferior a 5% (cinco por cento) do lucro l\u00edquido do banco, o valor individual dever\u00e1 ser majorado at\u00e9 alcan\u00e7ar 2,2 sal\u00e1rios do empregado, limitado ao valor de R$ 33.128,21, ou at\u00e9 que o valor total da \u201cRegra B\u00e1sica\u201d da PLR atinja 5% (cinco por cento) do lucro l\u00edquido, o que ocorrer primeiro.<\/p>\n<p>Al\u00e9m disso, tem uma parcela adicional, cujo valor \u00e9 determinado pela divis\u00e3o linear da import\u00e2ncia equivalente a 2,2% do lucro l\u00edquido do banco pelo n\u00famero total de empregados eleg\u00edveis, de acordo com as regras estabelecidas, at\u00e9 o limite individual de R$ 5.614,06.<\/p>\n<p>Outra conquista sobre a PLR \u00e9 a antecipa\u00e7\u00e3o, a ser paga at\u00e9, no m\u00e1ximo, 30 de setembro, do valor correspondente a 54% do sal\u00e1rio-base mais verbas fixas de natureza salarial, acrescido do valor fixo de R$ 1.684,21, al\u00e9m da parcela adicional, com valor equivalente a 2,2% do lucro l\u00edquido apurado no 1\u00ba semestre de 2021, at\u00e9 o limite individual de R$ 2.807,03.<\/p>\n<p><strong>Fonte:<\/strong>\u00a0<strong><a href=\"https:\/\/spbancarios.com.br\/09\/2021\/plr-safra-2021-banco-anuncia-data-do-pagamento\" target=\"_blank\" rel=\"noopener noreferrer\">SPBanc\u00e1rios<\/a>, com edi\u00e7\u00f5es da Contraf-CUT<\/strong><\/p>\n<p>\u00a0<\/p>\n","protected":false},"excerpt":{"rendered":"<p>O banco Safra atendeu a reivindica\u00e7\u00e3o do movimento sindical e antecipar\u00e1 o pagamento da primeira parcela da Participa\u00e7\u00e3o nos Lucros e\/ou Resultados (PLR) para o dia 24 de setembro, na pr\u00f3xima sexta-feira, juntamente com o pagamento do sal\u00e1rio do m\u00eas. Neste ano, todas as cl\u00e1usulas econ\u00f4micas da Conven\u00e7\u00e3o Coletiva de Trabalho da categoria banc\u00e1ria (sal\u00e1rios, [&hellip;]<\/p>\n","protected":false},"author":2,"featured_media":11478,"comment_status":"","ping_status":"","sticky":false,"template":"","format":"standard","meta":{"footnotes":""},"categories":[3],"tags":[],"class_list":["post-11479","post","type-post","status-publish","format-standard","has-post-thumbnail","hentry","category-noticias"],"_links":{"self":[{"href":"https:\/\/hostnetart.com.br\/baixada\/wp-json\/wp\/v2\/posts\/11479","targetHints":{"allow":["GET"]}}],"collection":[{"href":"https:\/\/hostnetart.com.br\/baixada\/wp-json\/wp\/v2\/posts"}],"about":[{"href":"https:\/\/hostnetart.com.br\/baixada\/wp-json\/wp\/v2\/types\/post"}],"author":[{"embeddable":true,"href":"https:\/\/hostnetart.com.br\/baixada\/wp-json\/wp\/v2\/users\/2"}],"replies":[{"embeddable":true,"href":"https:\/\/hostnetart.com.br\/baixada\/wp-json\/wp\/v2\/comments?post=11479"}],"version-history":[{"count":0,"href":"https:\/\/hostnetart.com.br\/baixada\/wp-json\/wp\/v2\/posts\/11479\/revisions"}],"wp:featuredmedia":[{"embeddable":true,"href":"https:\/\/hostnetart.com.br\/baixada\/wp-json\/wp\/v2\/media\/11478"}],"wp:attachment":[{"href":"https:\/\/hostnetart.com.br\/baixada\/wp-json\/wp\/v2\/media?parent=11479"}],"wp:term":[{"taxonomy":"category","embeddable":true,"href":"https:\/\/hostnetart.com.br\/baixada\/wp-json\/wp\/v2\/categories?post=11479"},{"taxonomy":"post_tag","embeddable":true,"href":"https:\/\/hostnetart.com.br\/baixada\/wp-json\/wp\/v2\/tags?post=11479"}],"curies":[{"name":"wp","href":"https:\/\/api.w.org\/{rel}","templated":true}]}}