{"id":11469,"date":"2021-09-15T19:41:35","date_gmt":"2021-09-15T22:41:35","guid":{"rendered":"https:\/\/hostnetart.com.br\/baixada\/dia-internacional-da-democracia-comemora-se-nesta-quarta-15\/"},"modified":"2021-09-15T19:41:35","modified_gmt":"2021-09-15T22:41:35","slug":"dia-internacional-da-democracia-comemora-se-nesta-quarta-15","status":"publish","type":"post","link":"https:\/\/hostnetart.com.br\/baixada\/dia-internacional-da-democracia-comemora-se-nesta-quarta-15\/","title":{"rendered":"Dia Internacional da Democracia comemora-se nesta quarta (15)"},"content":{"rendered":"<p>Em todo o mundo \u00e9 comemorado nesta quarta-feira (15) o Dia Internacional da Democracia. A data comemorativa foi institu\u00edda pela Organiza\u00e7\u00e3o das Na\u00e7\u00f5es Unidas (ONU), com o objetivo principal de real\u00e7ar a necessidade de promover a democratiza\u00e7\u00e3o, o desenvolvimento e o respeito pelos direitos humanos e as liberdades fundamentais. Em tempos em que a democracia \u00e9 amea\u00e7ada no Brasil, celebrar a defesa da democracia \u00e9 fundamental.<\/p>\n<p>\u201cAtualmente temos de defender a democracia mais do que nunca. \u00c9 o regime democr\u00e1tico que garante os direitos da popula\u00e7\u00e3o e em especial dos trabalhadores, t\u00e3o amea\u00e7ados pelo atual governo. N\u00e3o \u00e9 uma defesa abstrata, mas \u00e9 a forma de garantir nossos direitos de termos uma vida digna e de nos expressarmos livremente. Defender a democracia hoje \u00e9 defender o emprego, um pa\u00eds menos desigual e livre da pandemia. Se faz necess\u00e1ria a defesa da democracia porque Bolsonaro quer acabar com ela. Dias atr\u00e1s, tentou dar um golpe e acabar com o que resta das conquistas que a classe trabalhadora obteve ao longo de d\u00e9cadas\u201d, alertou a presidenta da Confedera\u00e7\u00e3o Nacional dos Trabalhadores do Ramo Financeiro (Contraf-CUT), Juvandia Moreira.<\/p>\n<p>Para a ONU, a democracia \u00e9 \u201cum valor universal baseado na vontade, expressa livremente pelo povo, de determinar o seu pr\u00f3prio sistema pol\u00edtico, econ\u00f4mico, social e cultural, bem como na sua plena participa\u00e7\u00e3o em todos os aspectos da vida\u201d. A presidenta da Contraf-CUT destaca a import\u00e2ncia da Constitui\u00e7\u00e3o como garantia da democracia no Brasil. \u201c\u00c9 a Constitui\u00e7\u00e3o que garante a independ\u00eancia e a harmonia entre os tr\u00eas poderes. Mas o que vemos hoje \u00e9 um presidente tentando passar por cima do que determina a Constitui\u00e7\u00e3o e que amea\u00e7a as pr\u00f3prias elei\u00e7\u00f5es do ano que vem, que \u00e9 garantida pela Constitui\u00e7\u00e3o. Bolsonaro amea\u00e7a as elei\u00e7\u00f5es porque tem medo de ser derrotado nas urnas\u201d, ressalta Juvandia Moreira.<\/p>\n<p><strong>Fonte: Contraf-CUT<\/strong><\/p>\n","protected":false},"excerpt":{"rendered":"<p>Em todo o mundo \u00e9 comemorado nesta quarta-feira (15) o Dia Internacional da Democracia. A data comemorativa foi institu\u00edda pela Organiza\u00e7\u00e3o das Na\u00e7\u00f5es Unidas (ONU), com o objetivo principal de real\u00e7ar a necessidade de promover a democratiza\u00e7\u00e3o, o desenvolvimento e o respeito pelos direitos humanos e as liberdades fundamentais. Em tempos em que a democracia [&hellip;]<\/p>\n","protected":false},"author":2,"featured_media":11468,"comment_status":"","ping_status":"","sticky":false,"template":"","format":"standard","meta":{"footnotes":""},"categories":[3],"tags":[],"class_list":["post-11469","post","type-post","status-publish","format-standard","has-post-thumbnail","hentry","category-noticias"],"_links":{"self":[{"href":"https:\/\/hostnetart.com.br\/baixada\/wp-json\/wp\/v2\/posts\/11469","targetHints":{"allow":["GET"]}}],"collection":[{"href":"https:\/\/hostnetart.com.br\/baixada\/wp-json\/wp\/v2\/posts"}],"about":[{"href":"https:\/\/hostnetart.com.br\/baixada\/wp-json\/wp\/v2\/types\/post"}],"author":[{"embeddable":true,"href":"https:\/\/hostnetart.com.br\/baixada\/wp-json\/wp\/v2\/users\/2"}],"replies":[{"embeddable":true,"href":"https:\/\/hostnetart.com.br\/baixada\/wp-json\/wp\/v2\/comments?post=11469"}],"version-history":[{"count":0,"href":"https:\/\/hostnetart.com.br\/baixada\/wp-json\/wp\/v2\/posts\/11469\/revisions"}],"wp:featuredmedia":[{"embeddable":true,"href":"https:\/\/hostnetart.com.br\/baixada\/wp-json\/wp\/v2\/media\/11468"}],"wp:attachment":[{"href":"https:\/\/hostnetart.com.br\/baixada\/wp-json\/wp\/v2\/media?parent=11469"}],"wp:term":[{"taxonomy":"category","embeddable":true,"href":"https:\/\/hostnetart.com.br\/baixada\/wp-json\/wp\/v2\/categories?post=11469"},{"taxonomy":"post_tag","embeddable":true,"href":"https:\/\/hostnetart.com.br\/baixada\/wp-json\/wp\/v2\/tags?post=11469"}],"curies":[{"name":"wp","href":"https:\/\/api.w.org\/{rel}","templated":true}]}}