{"id":11467,"date":"2021-09-15T14:22:46","date_gmt":"2021-09-15T17:22:46","guid":{"rendered":"https:\/\/hostnetart.com.br\/baixada\/santander-nao-ira-adiantar-pagamento-da-plr\/"},"modified":"2021-09-15T14:22:46","modified_gmt":"2021-09-15T17:22:46","slug":"santander-nao-ira-adiantar-pagamento-da-plr","status":"publish","type":"post","link":"https:\/\/hostnetart.com.br\/baixada\/santander-nao-ira-adiantar-pagamento-da-plr\/","title":{"rendered":"Santander pagar\u00e1 PLR no dia 30 de setembro"},"content":{"rendered":"<p>O Banco Santander pagar\u00e1 a parcela da Participa\u00e7\u00e3o nos Lucros e\/ou Resultados (PLR) aos funcion\u00e1rios no dia 30 de setembro, \u00faltimo dia para o pagamento definido na Conven\u00e7\u00e3o Coletiva de Trabalho (CCT) da categoria. Na mesma data ser\u00e3o pagos os valores referentes ao Programa Pr\u00f3prio Espec\u00edfico (PPE).<\/p>\n<p>\u201cInfelizmente, mais uma vez, o Santander deixar\u00e1 o pagamento para o \u00faltimo dia estabelecido em nosso acordo coletivo. Dentre os cinco maiores bancos do pa\u00eds, ser\u00e1 o \u00faltimo a pagar\u201d, observou o secret\u00e1rio de Assuntos Socioecon\u00f4micos e representante da Confedera\u00e7\u00e3o Nacional dos Trabalhadores do Ramo Financeiro (Contraf-CUT) nas negocia\u00e7\u00f5es com o banco, Mario Raia. \u201c\u00c9 a prova de que o banco \u2018valoriza\u2019 os trabalhadores\u201d, completou.<\/p>\n<p>Aos empregados dispensados sem justa causa, o pagamento ser\u00e1 efetuado na propor\u00e7\u00e3o de 1\/12 (um doze avos) do valor, por m\u00eas trabalhado ou fra\u00e7\u00e3o igual ou superior a 15 quinze dias, conforme prev\u00ea a CCT de PLR.<\/p>\n<h3><strong>PPE<\/strong><\/h3>\n<p>O Programa Pr\u00f3prio Espec\u00edfico (PPE) \u00e9 pago apenas para \u00e1reas eleg\u00edveis e suas regras n\u00e3o s\u00e3o discutidas com os sindicatos. Obedece crit\u00e9rios de produtividade e de notas de feedback que nem sempre seguem crit\u00e9rios claros e justos, sendo, na maior parte das vezes, submetidas \u00e0 avalia\u00e7\u00e3o do gestor.<\/p>\n<h3><strong>Acordo de dois anos<\/strong><\/h3>\n<p>O dirigente da Contraf-CUT ressaltou ainda que a PLR n\u00e3o \u00e9 um benef\u00edcio dado pelo banco, mas sim um direito conquistado pela categoria e que \u00e9 negociado a cada campanha. \u201cReceber PLR \u00e9 um direito que conquistamos faz algum tempo, mas foi o acordo de dois anos, que realizamos no ano passado, que vamos receber a PLR neste valor e neste formato de distribui\u00e7\u00e3o\u201d, observou.<\/p>\n<p>Mario destacou ainda import\u00e2ncia de os trabalhadores perceberem que a PLR, o reajuste e tantos outros direitos n\u00e3o s\u00e3o benef\u00edcios, mas conquistas. \u201cQuando se tem esta percep\u00e7\u00e3o, come\u00e7amos a nos unir para lutar por aquilo que queremos. Por isso, o banco tenta dizer que \u00e9 benef\u00edcio e n\u00e3o direito conquistado. Mas, sabemos que s\u00e3o conquistas obtidas com muita luta\u201d, completou Mario Raia.<\/p>\n<h3><strong>Regra conquistada<\/strong><\/h3>\n<p>A PLR total da categoria banc\u00e1ria (a antecipa\u00e7\u00e3o paga agora em setembro, mais a segunda parcela, que ser\u00e1 paga at\u00e9 o final de mar\u00e7o de 2022) corresponde a 90% do sal\u00e1rio-base acrescido das verbas fixas de natureza salarial, mais o valor fixo, neste ano, de R$ 2.807,03. Se a soma do valor total da \u201cRegra B\u00e1sica\u201d da PLR de todos os funcion\u00e1rios for inferior a 5% (cinco por cento) do lucro l\u00edquido do banco, o valor individual dever\u00e1 ser majorado at\u00e9 alcan\u00e7ar 2,2 sal\u00e1rios do empregado, limitado ao valor de R$ 33.128,21, ou at\u00e9 que o valor total da \u201cRegra B\u00e1sica\u201d da PLR atinja 5% (cinco por cento) do lucro l\u00edquido, o que ocorrer primeiro.<\/p>\n<p>Al\u00e9m disso, tem uma parcela adicional, cujo valor \u00e9 determinado pela divis\u00e3o linear da import\u00e2ncia equivalente a 2,2% do lucro l\u00edquido do banco pelo n\u00famero total de empregados eleg\u00edveis, de acordo com as regras estabelecidas, at\u00e9 o limite individual de R$ 5.614,06.<\/p>\n<p>Outra conquista sobre a PLR \u00e9 a antecipa\u00e7\u00e3o, a ser paga at\u00e9, no m\u00e1ximo, 30 de setembro, do valor correspondente a 54% do sal\u00e1rio-base mais verbas fixas de natureza salarial, acrescido do valor fixo de R$ 1.684,21, al\u00e9m da parcela adicional, com valor equivalente a 2,2% do lucro l\u00edquido apurado no 1\u00ba semestre de 2021, at\u00e9 o limite individual de R$ 2.807,03.<\/p>\n<p>\u201cNo ano passado, em decorr\u00eancia da pandemia que assola o mundo e deixou o pa\u00eds em frangalhos devido \u00e0 prec\u00e1ria gest\u00e3o sanit\u00e1ria do governo Bolsonaro, o banco antecipou para setembro o pagamento do valor total da PLR, n\u00e3o apenas os 54% estabelecidos no acordo. Ainda estamos vivendo sob o Estado de Calamidade determinado em fun\u00e7\u00e3o da pandemia, mas neste ano, lamentavelmente, o banco n\u00e3o teve a mesma atitude\u201d, lamentou o dirigente da Contraf-CUT.<\/p>\n<p><strong>Fonte: Contraf-CUT<\/strong><\/p>\n","protected":false},"excerpt":{"rendered":"<p>O Banco Santander pagar\u00e1 a parcela da Participa\u00e7\u00e3o nos Lucros e\/ou Resultados (PLR) aos funcion\u00e1rios no dia 30 de setembro, \u00faltimo dia para o pagamento definido na Conven\u00e7\u00e3o Coletiva de Trabalho (CCT) da categoria. Na mesma data ser\u00e3o pagos os valores referentes ao Programa Pr\u00f3prio Espec\u00edfico (PPE). \u201cInfelizmente, mais uma vez, o Santander deixar\u00e1 o [&hellip;]<\/p>\n","protected":false},"author":2,"featured_media":11466,"comment_status":"","ping_status":"","sticky":false,"template":"","format":"standard","meta":{"footnotes":""},"categories":[3],"tags":[],"class_list":["post-11467","post","type-post","status-publish","format-standard","has-post-thumbnail","hentry","category-noticias"],"_links":{"self":[{"href":"https:\/\/hostnetart.com.br\/baixada\/wp-json\/wp\/v2\/posts\/11467","targetHints":{"allow":["GET"]}}],"collection":[{"href":"https:\/\/hostnetart.com.br\/baixada\/wp-json\/wp\/v2\/posts"}],"about":[{"href":"https:\/\/hostnetart.com.br\/baixada\/wp-json\/wp\/v2\/types\/post"}],"author":[{"embeddable":true,"href":"https:\/\/hostnetart.com.br\/baixada\/wp-json\/wp\/v2\/users\/2"}],"replies":[{"embeddable":true,"href":"https:\/\/hostnetart.com.br\/baixada\/wp-json\/wp\/v2\/comments?post=11467"}],"version-history":[{"count":0,"href":"https:\/\/hostnetart.com.br\/baixada\/wp-json\/wp\/v2\/posts\/11467\/revisions"}],"wp:featuredmedia":[{"embeddable":true,"href":"https:\/\/hostnetart.com.br\/baixada\/wp-json\/wp\/v2\/media\/11466"}],"wp:attachment":[{"href":"https:\/\/hostnetart.com.br\/baixada\/wp-json\/wp\/v2\/media?parent=11467"}],"wp:term":[{"taxonomy":"category","embeddable":true,"href":"https:\/\/hostnetart.com.br\/baixada\/wp-json\/wp\/v2\/categories?post=11467"},{"taxonomy":"post_tag","embeddable":true,"href":"https:\/\/hostnetart.com.br\/baixada\/wp-json\/wp\/v2\/tags?post=11467"}],"curies":[{"name":"wp","href":"https:\/\/api.w.org\/{rel}","templated":true}]}}