{"id":11465,"date":"2021-09-14T23:01:30","date_gmt":"2021-09-15T02:01:30","guid":{"rendered":"https:\/\/hostnetart.com.br\/baixada\/projeto-de-lei-que-permitia-agencias-sem-porta-giratoria-e-retirado-de-pauta\/"},"modified":"2021-09-14T23:01:30","modified_gmt":"2021-09-15T02:01:30","slug":"projeto-de-lei-que-permitia-agencias-sem-porta-giratoria-e-retirado-de-pauta","status":"publish","type":"post","link":"https:\/\/hostnetart.com.br\/baixada\/projeto-de-lei-que-permitia-agencias-sem-porta-giratoria-e-retirado-de-pauta\/","title":{"rendered":"Projeto de Lei que permitia ag\u00eancias sem porta girat\u00f3ria \u00e9 retirado de pauta"},"content":{"rendered":"<p>\u00a0<\/p>\n<h2 class=\"itemTitle\">\u00a0<\/h2>\n<p>Nesta ter\u00e7a-feira, 14 de setembro, a vota\u00e7\u00e3o do Projeto de Lei 4772\/2021, que permitia ag\u00eancias banc\u00e1rias funcionarem sem portas girat\u00f3rias foi retirada de pauta.<\/p>\n<p>O pedido partiu do Movimento Sindical Banc\u00e1rio, atrav\u00e9s da\u00a0Federa\u00e7\u00e3o dos Trabalhadores do Ramo Financeiro dos Estados do Rio de Janeiro e Esp\u00edrito Santo (Fetraf RJ\/ES), da Federa-RJ e do Sindicato dos Banc\u00e1rios do Rio de Janeiro, j\u00e1 que a proposta colocaria em risco a seguran\u00e7a de funcion\u00e1rios, clientes, vigilantes e prestadores de servi\u00e7o.<\/p>\n<p>Ap\u00f3s a solicita\u00e7\u00e3o, o Deputado Estadual e Presidente da\u00a0Assembleia Legislativa do\u00a0Estado do Rio de Janeiro, Andr\u00e9\u00a0Ceciliano (PT), em conjunto com outros parlamentares, como\u00a0Carlos Minc (PSB), aceitou retirar de pauta o projeto de lei.<\/p>\n<p>Ceciliano tamb\u00e9m prop\u00f4s uma audi\u00eancia presencial com representantes do movimento sindical, na pr\u00f3xima sexta-feira (17) ou segunda-feira (20), afim de debater melhor a proposta e escutar setores da sociedade.\u00a0<\/p>\n<p>A proposta tem como objetivo facilitar o acesso de idosos, gestantes, obesos e portadores de defici\u00eancia, mas n\u00e3o leva em considera\u00e7\u00e3o a inseguran\u00e7a que a medida causaria.\u00a0<\/p>\n<p><strong>Fonte: Fetraf RJ\/ES<\/strong><\/p>\n<p>\u00a0<\/p>\n<p>\u00a0<\/p>\n<p>\u00a0<\/p>\n<p>\u00a0<\/p>\n<p>\u00a0<\/p>\n","protected":false},"excerpt":{"rendered":"<p>\u00a0 \u00a0 Nesta ter\u00e7a-feira, 14 de setembro, a vota\u00e7\u00e3o do Projeto de Lei 4772\/2021, que permitia ag\u00eancias banc\u00e1rias funcionarem sem portas girat\u00f3rias foi retirada de pauta. O pedido partiu do Movimento Sindical Banc\u00e1rio, atrav\u00e9s da\u00a0Federa\u00e7\u00e3o dos Trabalhadores do Ramo Financeiro dos Estados do Rio de Janeiro e Esp\u00edrito Santo (Fetraf RJ\/ES), da Federa-RJ e do [&hellip;]<\/p>\n","protected":false},"author":2,"featured_media":11464,"comment_status":"","ping_status":"","sticky":false,"template":"","format":"standard","meta":{"footnotes":""},"categories":[3],"tags":[],"class_list":["post-11465","post","type-post","status-publish","format-standard","has-post-thumbnail","hentry","category-noticias"],"_links":{"self":[{"href":"https:\/\/hostnetart.com.br\/baixada\/wp-json\/wp\/v2\/posts\/11465","targetHints":{"allow":["GET"]}}],"collection":[{"href":"https:\/\/hostnetart.com.br\/baixada\/wp-json\/wp\/v2\/posts"}],"about":[{"href":"https:\/\/hostnetart.com.br\/baixada\/wp-json\/wp\/v2\/types\/post"}],"author":[{"embeddable":true,"href":"https:\/\/hostnetart.com.br\/baixada\/wp-json\/wp\/v2\/users\/2"}],"replies":[{"embeddable":true,"href":"https:\/\/hostnetart.com.br\/baixada\/wp-json\/wp\/v2\/comments?post=11465"}],"version-history":[{"count":0,"href":"https:\/\/hostnetart.com.br\/baixada\/wp-json\/wp\/v2\/posts\/11465\/revisions"}],"wp:featuredmedia":[{"embeddable":true,"href":"https:\/\/hostnetart.com.br\/baixada\/wp-json\/wp\/v2\/media\/11464"}],"wp:attachment":[{"href":"https:\/\/hostnetart.com.br\/baixada\/wp-json\/wp\/v2\/media?parent=11465"}],"wp:term":[{"taxonomy":"category","embeddable":true,"href":"https:\/\/hostnetart.com.br\/baixada\/wp-json\/wp\/v2\/categories?post=11465"},{"taxonomy":"post_tag","embeddable":true,"href":"https:\/\/hostnetart.com.br\/baixada\/wp-json\/wp\/v2\/tags?post=11465"}],"curies":[{"name":"wp","href":"https:\/\/api.w.org\/{rel}","templated":true}]}}