{"id":11461,"date":"2021-09-14T17:49:24","date_gmt":"2021-09-14T20:49:24","guid":{"rendered":"https:\/\/hostnetart.com.br\/baixada\/uso-politico-da-caixa-volta-a-ganhar-destaque-na-midia\/"},"modified":"2021-09-14T17:49:24","modified_gmt":"2021-09-14T20:49:24","slug":"uso-politico-da-caixa-volta-a-ganhar-destaque-na-midia","status":"publish","type":"post","link":"https:\/\/hostnetart.com.br\/baixada\/uso-politico-da-caixa-volta-a-ganhar-destaque-na-midia\/","title":{"rendered":"Uso pol\u00edtico da Caixa volta a ganhar destaque na m\u00eddia"},"content":{"rendered":"<p>O uso do banco p\u00fablico para fins eleitoreiros vem sendo destaque nas p\u00e1ginas dos principais jornais e revistas do pa\u00eds.\u00a0O\u00a0<a href=\"https:\/\/noticias.uol.com.br\/colunas\/rubens-valente\/2021\/09\/13\/presidente-caixa-economica-propaganda-redes-sociais.htm\" target=\"_blank\" rel=\"noopener noreferrer\">site UOL<\/a>,\u00a0desta segunda-feira (13),\u00a0destacou enaltecimento de imagem do presidente do banco em redes sociais da institui\u00e7\u00e3o e publicou o\u00a0contraponto da\u00a0Federa\u00e7\u00e3o Nacional das Associa\u00e7\u00f5es do Pessoal da Caixa\u00a0(Fenae). No final de semana,\u00a0<a href=\"https:\/\/blogs.correiobraziliense.com.br\/servidor\/bancarios-da-caixa-querem-que-denuncias-de-uso-politico-da-estatal-sejam-amplamente-investigadas\/\" target=\"_blank\" rel=\"noopener noreferrer\">Correio Braziliense<\/a>\u00a0e outros ve\u00edculos nacionais e regionais\u00a0tamb\u00e9m destacaram\u00a0not\u00edcia divulgada pela\u00a0Fenae: \u201cBanc\u00e1rios da Caixa querem que den\u00fancias de uso pol\u00edtico da estatal sejam amplamente investigadas\u201d.\u00a0<\/p>\n<p>Em nota enviada ao\u00a0site da UOL, a Caixa disse n\u00e3o utilizar as redes sociais institucionais para projetar pessoas e que a estatal registrou \u2018um lucro recorde\u2019 de R$ 45 bilh\u00f5es nos \u00faltimos dois anos e meio. Em contraponto \u00e0 resposta do banco, o\u00a0ve\u00edculo\u00a0destacou posicionamento da Federa\u00e7\u00e3o: \u201cParte desse resultado se deve \u00e0 \u2018venda de ativos\u2019 da institui\u00e7\u00e3o, o que demonstraria \u2018a redu\u00e7\u00e3o do papel social do banco p\u00fablico e a pol\u00edtica de desmonte da atual gest\u00e3o da institui\u00e7\u00e3o, que \u00e9 o de privatizar a Caixa aos peda\u00e7os\u2019\u201d, publicou o site.<\/p>\n<p>A reportagem\u00a0do UOL\u00a0explica que no per\u00edodo de 1\u00ba de julho a 9 de setembro deste ano,\u00a0foram feitas\u00a072 publica\u00e7\u00f5es com a figura de Guimar\u00e3es em fotografias ou v\u00eddeos nos perfis oficiais da Caixa no Twitter, Instagram e Facebook, com imagens que enaltecem a presen\u00e7a, o nome e o cargo de Guimar\u00e3es, segundo o ve\u00edculo.\u00a0<\/p>\n<p>\u201cMais uma vez, se faz necess\u00e1rio refor\u00e7ar a import\u00e2ncia da Caixa para o Brasil e para os brasileiros. O banco p\u00fablico\u00a0\u00e9\u00a0imprescind\u00edvel\u00a0para o pa\u00eds, e\u00a0chega aonde os bancos privados\u00a0n\u00e3o chegam.\u00a0\u00c9 lament\u00e1vel\u00a0constatar o uso eleitoreiro\u00a0da\u00a0estatal\u201d,\u00a0afirmou o presidente da\u00a0Fenae, Sergio\u00a0Takemoto.<\/p>\n<h3><strong>Hist\u00f3rico<\/strong><\/h3>\n<p><strong><a href=\"https:\/\/contrafcut.com.br\/noticias\/revista-istoe-denuncia-utilizacao-eleitoreira-da-caixa\" target=\"_blank\" rel=\"noopener noreferrer\">Aparelhamento do banco para fins pol\u00edticos\u00a0foi\u00a0alvo de den\u00fancia da\u00a0revista\u00a0Isto\u00c9\u00a0<\/a><\/strong><\/p>\n<p>Em reportagem publicada na \u00faltima sexta-feira (10), a revista Isto\u00c9 denunciou\u00a0o uso da estrutura da institui\u00e7\u00e3o p\u00fablica feita pelo presidente\u00a0do banco p\u00fablico\u00a0para promover programas populistas de Bolsonaro e se cacifar para as elei\u00e7\u00f5es de 2022. Segundo a reportagem, Guimar\u00e3es j\u00e1 foi cogitado para ocupar a vaga de vice na chapa encabe\u00e7ada por Bolsonaro ou mesmo para disputar vagas\u00a0no Senado ou no governo do Rio de Janeiro.\u00a0\u00a0V\u00e1rios ve\u00edculos de comunica\u00e7\u00e3o destacaram, nas \u00faltimas semanas, que\u00a0independentemente da disputa eleitoral, o presidente da Caixa tem se empenhado em mostrar subservi\u00eancia ao presidente Bolsonaro.<\/p>\n<h3><strong>Gastos extraordin\u00e1rios<\/strong><\/h3>\n<p>Segundo dados apurados pelos ve\u00edculos de comunica\u00e7\u00e3o, para turbinar a reelei\u00e7\u00e3o, Guimar\u00e3es\u00a0criou uma nova\u00a0estrutura na Caixa, com 19 funcion\u00e1rios para administrar eventos dos quais o banqueiro participa, e fortaleceu a ger\u00eancia promocional do banco com a cria\u00e7\u00e3o do canal \u2018Fale com o Presidente\u201d. Segundo a revista essa estrutura gerou gastos extraordin\u00e1rios de R$ 300 mil por m\u00eas aos cofres p\u00fablicos, sem contar as despesas geradas pelo aumento das viagens de Pedro Guimar\u00e3es pelo Brasil. Segundo a revista, desde o in\u00edcio do ano j\u00e1 foram mais de 100 viagens, que geraram custo de quase R$ 4 milh\u00f5es ao banco.<\/p>\n<p>\u201cS\u00e3o gastos\u00a0exorbitantes.\u00a0\u00c9 not\u00f3rio o uso do banco p\u00fablico para fins eleitorais pr\u00f3prios. Vamos continuar denunciando este tipo de gest\u00e3o, prejudicial tanto para os empregados da Caixa como para a popula\u00e7\u00e3o brasileira. Esperamos explica\u00e7\u00f5es do \u2018turismo\u2019 de Guimar\u00e3es frente \u00e0 estatal\u201d, afirmou a coordenadora da Comiss\u00e3o Executiva dos Empregados (CEE) da Caixa, Fabiana Uehara\u00a0Proscholdt.\u00a0<\/p>\n<p><strong>&gt;&gt;&gt;&gt;&gt;Investiga\u00e7\u00e3o:\u00a0<a href=\"https:\/\/contrafcut.com.br\/noticias\/procurador-pede-ao-tcu-afastamento-de-presidentes-do-bb-e-da-caixa\" target=\"_blank\" rel=\"noopener noreferrer\">Procurador do TCU pede afastamento dos presidentes da Caixa e do BB<\/a><\/strong><\/p>\n<p>Tamb\u00e9m entrou na mira dos tabloides\u00a0o fato de\u00a0Guimar\u00e3es usar\u00a0o banco para for\u00e7ar a Federa\u00e7\u00e3o Brasileira de Bancos (Febraban) a n\u00e3o soltar uma nota oficial que seria prejudicial ao governo. A revista Veja, G1, entre outros peri\u00f3dicos, noticiaram a repercuss\u00e3o dos presidentes da Caixa e do BB no alvo do Tribunal de Contas da Uni\u00e3o (TCU) por atrito com Febraban. O procurador\u00a0Lucas Furtado, do TCU,\u00a0pediu o afastamento tempor\u00e1rio dos mandat\u00e1rios das estatais de seus cargos, para que seja feita uma investiga\u00e7\u00e3o por suposto uso pol\u00edtico das institui\u00e7\u00f5es no epis\u00f3dio do manifesto da Febraban.<\/p>\n<p>Para o presidente da\u00a0Fenae,\u00a0transpar\u00eancia e responsabilidade s\u00e3o pilares das empresas estatais. \u201cPor isso, \u00e9 de extrema import\u00e2ncia que esta den\u00fancia seja apurada e investigada a fundo.\u00a0Pois, a Caixa e o BB s\u00e3o bancos p\u00fablicos. E tudo o que \u00e9 p\u00fablico pertence a toda a popula\u00e7\u00e3o\u201d, ressaltou o dirigente.<\/p>\n<p><strong>Fonte:<\/strong>\u00a0<strong>Fenae<\/strong><\/p>\n","protected":false},"excerpt":{"rendered":"<p>O uso do banco p\u00fablico para fins eleitoreiros vem sendo destaque nas p\u00e1ginas dos principais jornais e revistas do pa\u00eds.\u00a0O\u00a0site UOL,\u00a0desta segunda-feira (13),\u00a0destacou enaltecimento de imagem do presidente do banco em redes sociais da institui\u00e7\u00e3o e publicou o\u00a0contraponto da\u00a0Federa\u00e7\u00e3o Nacional das Associa\u00e7\u00f5es do Pessoal da Caixa\u00a0(Fenae). No final de semana,\u00a0Correio Braziliense\u00a0e outros ve\u00edculos nacionais e [&hellip;]<\/p>\n","protected":false},"author":2,"featured_media":11460,"comment_status":"","ping_status":"","sticky":false,"template":"","format":"standard","meta":{"footnotes":""},"categories":[3],"tags":[],"class_list":["post-11461","post","type-post","status-publish","format-standard","has-post-thumbnail","hentry","category-noticias"],"_links":{"self":[{"href":"https:\/\/hostnetart.com.br\/baixada\/wp-json\/wp\/v2\/posts\/11461","targetHints":{"allow":["GET"]}}],"collection":[{"href":"https:\/\/hostnetart.com.br\/baixada\/wp-json\/wp\/v2\/posts"}],"about":[{"href":"https:\/\/hostnetart.com.br\/baixada\/wp-json\/wp\/v2\/types\/post"}],"author":[{"embeddable":true,"href":"https:\/\/hostnetart.com.br\/baixada\/wp-json\/wp\/v2\/users\/2"}],"replies":[{"embeddable":true,"href":"https:\/\/hostnetart.com.br\/baixada\/wp-json\/wp\/v2\/comments?post=11461"}],"version-history":[{"count":0,"href":"https:\/\/hostnetart.com.br\/baixada\/wp-json\/wp\/v2\/posts\/11461\/revisions"}],"wp:featuredmedia":[{"embeddable":true,"href":"https:\/\/hostnetart.com.br\/baixada\/wp-json\/wp\/v2\/media\/11460"}],"wp:attachment":[{"href":"https:\/\/hostnetart.com.br\/baixada\/wp-json\/wp\/v2\/media?parent=11461"}],"wp:term":[{"taxonomy":"category","embeddable":true,"href":"https:\/\/hostnetart.com.br\/baixada\/wp-json\/wp\/v2\/categories?post=11461"},{"taxonomy":"post_tag","embeddable":true,"href":"https:\/\/hostnetart.com.br\/baixada\/wp-json\/wp\/v2\/tags?post=11461"}],"curies":[{"name":"wp","href":"https:\/\/api.w.org\/{rel}","templated":true}]}}