{"id":11455,"date":"2021-09-13T17:17:25","date_gmt":"2021-09-13T20:17:25","guid":{"rendered":"https:\/\/hostnetart.com.br\/baixada\/reajuste-nacional-dos-bancarios-injetara-quase-r-16-bi-na-economia\/"},"modified":"2021-09-13T17:17:25","modified_gmt":"2021-09-13T20:17:25","slug":"reajuste-nacional-dos-bancarios-injetara-quase-r-16-bi-na-economia","status":"publish","type":"post","link":"https:\/\/hostnetart.com.br\/baixada\/reajuste-nacional-dos-bancarios-injetara-quase-r-16-bi-na-economia\/","title":{"rendered":"Reajuste nacional dos banc\u00e1rios injetar\u00e1 quase R$ 16 bi na economia"},"content":{"rendered":"<p>O Departamento Intersindical de Estat\u00edstica e Estudos Socioecon\u00f4micos (Dieese) estima que o a campanha salarial dos banc\u00e1rios 2021 injetar\u00e1 aproximadamente R$ 15,920 bilh\u00f5es na economia do pa\u00eds. A estimativa do impacto econ\u00f4mico, elaboradas com base nos dados da Rela\u00e7\u00e3o Anual de Informa\u00e7\u00f5es Sociais (RAIS) de 2019 e nos balan\u00e7os dos bancos, realizada pelo Dieese, considera o reajuste nos sal\u00e1rios, benef\u00edcios e a totalidade da Participa\u00e7\u00e3o nos Lucros e\/ou Resultados (PLR).<\/p>\n<p><a href=\"https:\/\/contrafcut.com.br\/noticias\/bancarios-terao-reajuste-de-1097\" target=\"_blank\" rel=\"noopener noreferrer\">O reajuste conquistado pela categoria banc\u00e1ria neste ano<\/a>\u00a0foi negociado na campanha salarial de 2020. O acordo previa aumento real de 0,5% (INPC + 0,5%), ou seja, 10,97% de aumento. Considerando apenas os sal\u00e1rios, a campanha injetar\u00e1 cerca de R$ 6,440 bilh\u00f5es na economia brasileira ao ano.<\/p>\n<p>\u201cNossa Conven\u00e7\u00e3o Coletiva de Trabalho \u00e9 nacional, abrange todos os estados do pa\u00eds. Isso significa que os trabalhadores t\u00eam os mesmos direitos e ter\u00e3o os mesmos reajustes em S\u00e3o Paulo e no Rio de Janeiro do que os foram concedidos em qualquer outra localidade. E os recursos destes reajustes contribuem para a economia em cada uma das cidades onde existem ag\u00eancias banc\u00e1rias, onde existem banc\u00e1rios. Neste momento de crise e desemprego que estamos vivendo, isso \u00e9 importante para ajudar a movimentar a economia\u201d, observou a presidenta da Confedera\u00e7\u00e3o Nacional dos Trabalhadores do Ramo Financeiro (Contraf-CUT), Juvandia Moreira, que \u00e9 uma das coordenadoras do Comando Nacional dos Banc\u00e1rios. \u201cFoi importante termos feito no ano passado um acordo de dois anos. Foi isso que nos garantiu o aumento real neste ano, quando a grande maioria dos trabalhadores n\u00e3o conseguiu negociar reajustes acima da infla\u00e7\u00e3o e vai amargar perdas salariais. Imagina o quanto seria injetado na economia se todas as categorias obtivessem aumento real! Por isso, lutamos por reajustes para toda a classe trabalhadora. Todos os trabalhadores precisam que os reajustes reponham a infla\u00e7\u00e3o e lhes garanta ganhos reais\u201d, disse Juvandia.<\/p>\n<p>A presidenta da Contraf-CUT ressaltou ainda que a negocia\u00e7\u00e3o antecipada, realizada em 2020, mostrou-se assertiva frente \u00e0 alta escalada da infla\u00e7\u00e3o nos \u00faltimos meses. \u201cPara n\u00f3s, \u00e9 motivo de comemora\u00e7\u00e3o, pois teremos reajuste com aumento real neste ano. No caso dos trabalhadores de bancos p\u00fablicos, talvez sejam os \u00fanicos entre as empresas p\u00fablicas a conquistarem aumento acima da infla\u00e7\u00e3o. Que bom seria se todos tivessem essa conquista, mas isso somente \u00e9 poss\u00edvel com um governo que invista. Somente com investimento do Estado a economia voltar\u00e1 a crescer e poder\u00e1 gerar empregos e os reajustes possam superar a imfla\u00e7\u00e3o\u201d, disse.<\/p>\n<h3>PLR e t\u00edquetes<\/h3>\n<p>Em \u00e2mbito nacional, a Participa\u00e7\u00e3o nos Lucros e\/ou Resultados (PLR) da categoria banc\u00e1ria injetar\u00e1 por volta de R$ 8,439 bilh\u00f5es na economia at\u00e9 mar\u00e7o de 2022, sendo que, deste total, R$ 3,867 bilh\u00f5es ser\u00e3o injetados na antecipa\u00e7\u00e3o da PLR at\u00e9 o final de setembro de 2021.<\/p>\n<p>J\u00e1 o reajuste de 10,97% nos aux\u00edlios alimenta\u00e7\u00e3o e refei\u00e7\u00e3o da categoria colocar\u00e3o um adicional de R$ 1,040 bilh\u00e3o no per\u00edodo de um ano. \u201cIsso ajuda mercados, bares e restaurantes, enfim, o setor de com\u00e9rcio, que precisa desta inje\u00e7\u00e3o neste momento\u201d, concluiu a presidenta da Contraf-CUT.<\/p>\n<p><strong>Fonte: Contraf-CUT<\/strong><\/p>\n","protected":false},"excerpt":{"rendered":"<p>O Departamento Intersindical de Estat\u00edstica e Estudos Socioecon\u00f4micos (Dieese) estima que o a campanha salarial dos banc\u00e1rios 2021 injetar\u00e1 aproximadamente R$ 15,920 bilh\u00f5es na economia do pa\u00eds. A estimativa do impacto econ\u00f4mico, elaboradas com base nos dados da Rela\u00e7\u00e3o Anual de Informa\u00e7\u00f5es Sociais (RAIS) de 2019 e nos balan\u00e7os dos bancos, realizada pelo Dieese, considera [&hellip;]<\/p>\n","protected":false},"author":2,"featured_media":11454,"comment_status":"","ping_status":"","sticky":false,"template":"","format":"standard","meta":{"footnotes":""},"categories":[3],"tags":[],"class_list":["post-11455","post","type-post","status-publish","format-standard","has-post-thumbnail","hentry","category-noticias"],"_links":{"self":[{"href":"https:\/\/hostnetart.com.br\/baixada\/wp-json\/wp\/v2\/posts\/11455","targetHints":{"allow":["GET"]}}],"collection":[{"href":"https:\/\/hostnetart.com.br\/baixada\/wp-json\/wp\/v2\/posts"}],"about":[{"href":"https:\/\/hostnetart.com.br\/baixada\/wp-json\/wp\/v2\/types\/post"}],"author":[{"embeddable":true,"href":"https:\/\/hostnetart.com.br\/baixada\/wp-json\/wp\/v2\/users\/2"}],"replies":[{"embeddable":true,"href":"https:\/\/hostnetart.com.br\/baixada\/wp-json\/wp\/v2\/comments?post=11455"}],"version-history":[{"count":0,"href":"https:\/\/hostnetart.com.br\/baixada\/wp-json\/wp\/v2\/posts\/11455\/revisions"}],"wp:featuredmedia":[{"embeddable":true,"href":"https:\/\/hostnetart.com.br\/baixada\/wp-json\/wp\/v2\/media\/11454"}],"wp:attachment":[{"href":"https:\/\/hostnetart.com.br\/baixada\/wp-json\/wp\/v2\/media?parent=11455"}],"wp:term":[{"taxonomy":"category","embeddable":true,"href":"https:\/\/hostnetart.com.br\/baixada\/wp-json\/wp\/v2\/categories?post=11455"},{"taxonomy":"post_tag","embeddable":true,"href":"https:\/\/hostnetart.com.br\/baixada\/wp-json\/wp\/v2\/tags?post=11455"}],"curies":[{"name":"wp","href":"https:\/\/api.w.org\/{rel}","templated":true}]}}