{"id":11453,"date":"2021-09-10T15:15:10","date_gmt":"2021-09-10T18:15:10","guid":{"rendered":"https:\/\/hostnetart.com.br\/baixada\/caixa-pagara-plr-ainda-nesta-sexta-feira-10-de-setembro\/"},"modified":"2021-09-10T15:15:10","modified_gmt":"2021-09-10T18:15:10","slug":"caixa-pagara-plr-ainda-nesta-sexta-feira-10-de-setembro","status":"publish","type":"post","link":"https:\/\/hostnetart.com.br\/baixada\/caixa-pagara-plr-ainda-nesta-sexta-feira-10-de-setembro\/","title":{"rendered":"Caixa pagar\u00e1 PLR ainda nesta sexta-feira, 10 de setembro"},"content":{"rendered":"<p>Atendendo\u00a0<a href=\"https:\/\/contrafcut.com.br\/noticias\/contraf-cut-solicita-antecipacao-da-plr-ao-bnb-e-a-caixa\/\" target=\"_blank\" rel=\"noopener noreferrer\">ao pedido<\/a>\u00a0da Confedera\u00e7\u00e3o Nacional dos Trabalhadores do Ramo Financeiro (Contraf-CUT), federa\u00e7\u00f5es e sindicatos da categoria banc\u00e1ria, a Caixa Econ\u00f4mica Federal informou nesta sexta-feira (10) que efetuar\u00e1 o pagamento da primeira parcela da Participa\u00e7\u00e3o nos Lucros e\/ou Resultados (PLR) ainda nesta sexta-feira (10). De acordo com a Conven\u00e7\u00e3o Coletiva de Trabalho (CCT) da categoria, o banco poderia efetuar o pagamento at\u00e9 o dia 30 de setembro.<\/p>\n","protected":false},"excerpt":{"rendered":"<p>Atendendo\u00a0ao pedido\u00a0da Confedera\u00e7\u00e3o Nacional dos Trabalhadores do Ramo Financeiro (Contraf-CUT), federa\u00e7\u00f5es e sindicatos da categoria banc\u00e1ria, a Caixa Econ\u00f4mica Federal informou nesta sexta-feira (10) que efetuar\u00e1 o pagamento da primeira parcela da Participa\u00e7\u00e3o nos Lucros e\/ou Resultados (PLR) ainda nesta sexta-feira (10). De acordo com a Conven\u00e7\u00e3o Coletiva de Trabalho (CCT) da categoria, o banco [&hellip;]<\/p>\n","protected":false},"author":2,"featured_media":11452,"comment_status":"","ping_status":"","sticky":false,"template":"","format":"standard","meta":{"footnotes":""},"categories":[3],"tags":[],"class_list":["post-11453","post","type-post","status-publish","format-standard","has-post-thumbnail","hentry","category-noticias"],"_links":{"self":[{"href":"https:\/\/hostnetart.com.br\/baixada\/wp-json\/wp\/v2\/posts\/11453","targetHints":{"allow":["GET"]}}],"collection":[{"href":"https:\/\/hostnetart.com.br\/baixada\/wp-json\/wp\/v2\/posts"}],"about":[{"href":"https:\/\/hostnetart.com.br\/baixada\/wp-json\/wp\/v2\/types\/post"}],"author":[{"embeddable":true,"href":"https:\/\/hostnetart.com.br\/baixada\/wp-json\/wp\/v2\/users\/2"}],"replies":[{"embeddable":true,"href":"https:\/\/hostnetart.com.br\/baixada\/wp-json\/wp\/v2\/comments?post=11453"}],"version-history":[{"count":0,"href":"https:\/\/hostnetart.com.br\/baixada\/wp-json\/wp\/v2\/posts\/11453\/revisions"}],"wp:featuredmedia":[{"embeddable":true,"href":"https:\/\/hostnetart.com.br\/baixada\/wp-json\/wp\/v2\/media\/11452"}],"wp:attachment":[{"href":"https:\/\/hostnetart.com.br\/baixada\/wp-json\/wp\/v2\/media?parent=11453"}],"wp:term":[{"taxonomy":"category","embeddable":true,"href":"https:\/\/hostnetart.com.br\/baixada\/wp-json\/wp\/v2\/categories?post=11453"},{"taxonomy":"post_tag","embeddable":true,"href":"https:\/\/hostnetart.com.br\/baixada\/wp-json\/wp\/v2\/tags?post=11453"}],"curies":[{"name":"wp","href":"https:\/\/api.w.org\/{rel}","templated":true}]}}