{"id":11451,"date":"2021-09-10T14:47:35","date_gmt":"2021-09-10T17:47:35","guid":{"rendered":"https:\/\/hostnetart.com.br\/baixada\/plr-do-bradesco-sera-paga-dia-20\/"},"modified":"2021-09-10T14:47:35","modified_gmt":"2021-09-10T17:47:35","slug":"plr-do-bradesco-sera-paga-dia-20","status":"publish","type":"post","link":"https:\/\/hostnetart.com.br\/baixada\/plr-do-bradesco-sera-paga-dia-20\/","title":{"rendered":"PLR do Bradesco ser\u00e1 paga dia 20"},"content":{"rendered":"<p>Atendendo ao pedido do movimento sindical, das federa\u00e7\u00f5es e sindicatos da categoria banc\u00e1ria, o Bradesco informou na manh\u00e3 desta sexta-feira (10) que efetuar\u00e1 o pagamento da primeira parcela da Participa\u00e7\u00e3o nos Lucros e\/ou Resultados (PLR) no dia 20 de setembro. De acordo com a Conven\u00e7\u00e3o Coletiva de Trabalho (CCT) da categoria, o banco poderia efetuar o pagamento at\u00e9 o dia 30 de setembro.<\/p>\n<p>Al\u00e9m da PLR, o banco informou tamb\u00e9m que antecipar\u00e1 a 13\u00aa Cesta. Neste caso, o pagamento ser\u00e1 no final do m\u00eas de setembro.<\/p>\n","protected":false},"excerpt":{"rendered":"<p>Atendendo ao pedido do movimento sindical, das federa\u00e7\u00f5es e sindicatos da categoria banc\u00e1ria, o Bradesco informou na manh\u00e3 desta sexta-feira (10) que efetuar\u00e1 o pagamento da primeira parcela da Participa\u00e7\u00e3o nos Lucros e\/ou Resultados (PLR) no dia 20 de setembro. De acordo com a Conven\u00e7\u00e3o Coletiva de Trabalho (CCT) da categoria, o banco poderia efetuar [&hellip;]<\/p>\n","protected":false},"author":2,"featured_media":11450,"comment_status":"","ping_status":"","sticky":false,"template":"","format":"standard","meta":{"footnotes":""},"categories":[3],"tags":[],"class_list":["post-11451","post","type-post","status-publish","format-standard","has-post-thumbnail","hentry","category-noticias"],"_links":{"self":[{"href":"https:\/\/hostnetart.com.br\/baixada\/wp-json\/wp\/v2\/posts\/11451","targetHints":{"allow":["GET"]}}],"collection":[{"href":"https:\/\/hostnetart.com.br\/baixada\/wp-json\/wp\/v2\/posts"}],"about":[{"href":"https:\/\/hostnetart.com.br\/baixada\/wp-json\/wp\/v2\/types\/post"}],"author":[{"embeddable":true,"href":"https:\/\/hostnetart.com.br\/baixada\/wp-json\/wp\/v2\/users\/2"}],"replies":[{"embeddable":true,"href":"https:\/\/hostnetart.com.br\/baixada\/wp-json\/wp\/v2\/comments?post=11451"}],"version-history":[{"count":0,"href":"https:\/\/hostnetart.com.br\/baixada\/wp-json\/wp\/v2\/posts\/11451\/revisions"}],"wp:featuredmedia":[{"embeddable":true,"href":"https:\/\/hostnetart.com.br\/baixada\/wp-json\/wp\/v2\/media\/11450"}],"wp:attachment":[{"href":"https:\/\/hostnetart.com.br\/baixada\/wp-json\/wp\/v2\/media?parent=11451"}],"wp:term":[{"taxonomy":"category","embeddable":true,"href":"https:\/\/hostnetart.com.br\/baixada\/wp-json\/wp\/v2\/categories?post=11451"},{"taxonomy":"post_tag","embeddable":true,"href":"https:\/\/hostnetart.com.br\/baixada\/wp-json\/wp\/v2\/tags?post=11451"}],"curies":[{"name":"wp","href":"https:\/\/api.w.org\/{rel}","templated":true}]}}