{"id":11449,"date":"2021-09-09T15:36:18","date_gmt":"2021-09-09T18:36:18","guid":{"rendered":"https:\/\/hostnetart.com.br\/baixada\/afastamento-de-trabalhadores-por-causa-da-covid-19-ou-sequelas-da-doenca-aumenta-75\/"},"modified":"2021-09-09T15:36:18","modified_gmt":"2021-09-09T18:36:18","slug":"afastamento-de-trabalhadores-por-causa-da-covid-19-ou-sequelas-da-doenca-aumenta-75","status":"publish","type":"post","link":"https:\/\/hostnetart.com.br\/baixada\/afastamento-de-trabalhadores-por-causa-da-covid-19-ou-sequelas-da-doenca-aumenta-75\/","title":{"rendered":"Afastamento de trabalhadores por causa da Covid-19 ou sequelas da doen\u00e7a aumenta 75%"},"content":{"rendered":"<p>O afastamento de trabalhadores por mais de 15 dias em consequ\u00eancia da Covid-19 ou sequelas da doen\u00e7a aumentou 75% este ano (64.861 nos seis primeiros meses do ano) em rela\u00e7\u00e3o ao ano passado, quando foram registrados\u00a0 37.045 afastamento de abril a dezembro, segundo\u00a0dados da Secretaria Especial de Previd\u00eancia e Trabalho.\u00a0<\/p>\n<p>De acordo com os dados, publicados pelo jornal\u00a0<a href=\"https:\/\/www1.folha.uol.com.br\/equilibrioesaude\/2021\/09\/afastamento-do-trabalho-por-covid-dispara-e-hospitais-criam-centros-de-reabilitacao.shtml\" target=\"_blank\" rel=\"noopener noreferrer\">Folha de S. Paulo,<\/a>\u00a0aumentou tamb\u00e9m a procura por reabilita\u00e7\u00e3o de trabalhadores com sequelas meses depois de terem se infectado com o novo coronav\u00edrus.<\/p>\n<p>Metade dos pacientes continua com queixas 12 meses depois de contrair a doen\u00e7a, sendo as mais frequentes o cansa\u00e7o e a fadiga muscular, segundo estudo publicado na revista cient\u00edfica The Lancet. Um em cada tr\u00eas tamb\u00e9m apresenta dificuldade de respirar, diz a reportagem.<\/p>\n<p>Pacientes que foram intubados, sem respirar pelo nariz e sem engolir por mais tempo, t\u00eam fraqueza no m\u00fasculo da degluti\u00e7\u00e3o e precisam de \u00a0fonoaudiologia para n\u00e3o engasgar e de terapeuta ocupacional para fazer as adapta\u00e7\u00f5es tempor\u00e1rias para usar os talheres, por exemplo.<\/p>\n<p>Estados e munic\u00edpios t\u00eam criado ambulat\u00f3rios de reabilita\u00e7\u00e3o p\u00f3s-Covid, mas a oferta no Sistema \u00danico de Sa\u00fade (SUS) ainda \u00e9 inferior \u00e0 demanda e h\u00e1 demora no in\u00edcio das terapias necess\u00e1rias, segundo os m\u00e9dicos ouvidos pela rep\u00f3rter.<\/p>\n<p>O SUS \u00e9 a op\u00e7\u00e3o de boa parte da classe trabalhadora que teve Covid-19 e\u00a0 precisar\u00e1 de reabilita\u00e7\u00e3o, portanto, \u00e9 preciso que o governo federal amplie os recursos para o Sistema e que os governos estaduais e municipais invistam e fortale\u00e7am todos os servi\u00e7os p\u00fablicos de sa\u00fade voltados para a recupera\u00e7\u00e3o e reabilita\u00e7\u00e3o, alerta a secret\u00e1ria da Sa\u00fade do Trabalhador da CUT Nacional, Madalena Margarida da Silva.<\/p>\n<p>\u201cCom o aumento da demanda, o SUS ficar\u00e1 ainda mais sobrecarrendo pois, ter\u00e1 tamb\u00e9m que atender as demandas reprimidas de outros adoecimentos\u201d, acrescenta Madalena Margarida, que ressalta: &#8220;A luta por recursos tem de ser feita no Congresso Nacional, no convencimento dos parlamentares, e nas ruas porque o governo de Jair Bolsonaro n\u00e3o tem compromisso com a popula\u00e7\u00e3o que precisa de servi\u00e7o p\u00fablico&#8221;.<\/p>\n<p>Em plena pandemia, esse governo reduziu a previs\u00e3o or\u00e7ament\u00e1ria para a sa\u00fade, lembra a dirigente se referindo ao\u00a0Or\u00e7amento da Uni\u00e3o para 2021, que previu apenas R$ 136,3 bilh\u00f5es para a \u00e0rea. Aumentou um pouco, diz, porque deputados e senadores aumentaram em cerca de R$ 10 bilh\u00f5es o valor. Em 2020, o valor executado com sa\u00fade foi de R$ 160 bilh\u00f5es, diz.<\/p>\n<p><strong>Op\u00e7\u00f5es para os trabalhadores<\/strong><\/p>\n<p>Enquanto a luta por mais recursos \u00e9 feita, os<strong>\u00a0<\/strong>trabalhadores t\u00eam algumas op\u00e7\u00f5es de atendimento. Uma delas, de acordo com a secret\u00e1ria, s\u00e3o os Centros de Refer\u00eancia em Sa\u00fade do Trabalhador (Cerest), que funcionam nos estados e munc\u00edpios e prestam assist\u00eancia especializada aos trabalhadores acometidos por doen\u00e7as e\/ou agravos relacionados ao trabalho.<\/p>\n<p>Hospitais universit\u00e1rios em todo o pa\u00eds tamb\u00e9m est\u00e3o oferecendo tratamento para amenizar os sintomas de Covid-19, mas o investimento em todos eles, \u00e9 essencial e precisamos cobrar o governo e o Parlamento para n\u00e3o deixar os trabalhadores sem atendimento, diz a secret\u00e1ria.<\/p>\n<p>Est\u00e3o oferecendo esse atendimento o Hospital Universit\u00e1rio de Bras\u00edlia (HUB), que tem um programa espec\u00edfico para a reabilita\u00e7\u00e3o de pacientes com sequelas provocadas pelo novo coronav\u00edrus.<\/p>\n<p>No Recife, o Hospital das Cl\u00ednicas de Pernambuco oferece ao paciente uma equipe multiprofissional que vai discutir o caso e montar um plano terap\u00eautico e de reabilita\u00e7\u00e3o.<\/p>\n<p>Em Cajazeiras (PB), o Hospital Universit\u00e1rio J\u00falio Bandeira tem uma equipe de fisioterapia \u00e9 respons\u00e1vel por um programa de reabilita\u00e7\u00e3o pulmonar que envolve t\u00e9cnicas de expans\u00e3o do pulm\u00e3o e remo\u00e7\u00e3o de secre\u00e7\u00e3o.<\/p>\n<p>No Rio Grande do Sul, dois hospitais se destacam no atendimento \u00e0s sequelas deixadas pelo novo coronav\u00edrus. O Hospital Universit\u00e1rio de Rio Grande conta com uma equipe de 22 profissionais nas especialidades de infectologia, cl\u00ednica m\u00e9dica, reabilita\u00e7\u00e3o f\u00edsica e respirat\u00f3ria, psicologia, pneumologia, cardiologia, neurologia, nefrologia, pediatria e nutri\u00e7\u00e3o para ajudar os pacientes.<\/p>\n<p>No Hospital Escola de Pelotas quem faz a avalia\u00e7\u00e3o cl\u00ednica \u00e9 um pneumologista. A partir de ent\u00e3o, o paciente ser\u00e1 tratado por um pneumologista e fisiatra, al\u00e9m do atendimento multiprofissional de fisioterapia, terapia ocupacional, psicologia e educa\u00e7\u00e3o f\u00edsica.<\/p>\n<p><strong>Folheto sobre sa\u00fade do trabalhador<\/strong><\/p>\n<p>A secret\u00e1ria da Sa\u00fade do Trabalhador da CUT Nacional disse ainda que est\u00e1 sendo elaborado um folheto sobre sa\u00fade do trabalhador no p\u00f3s-Covid-19, que tratar\u00e1 de quest\u00f5es relacionadas ao direitos dos \u00a0trabalhdores na aten\u00e7\u00e3o a sa\u00fade e acesso a direitos trabalhistas e previdenci\u00e1rios.<\/p>\n<p><em>Com informa\u00e7\u00f5es da Ag\u00eancia Brasil e da Folha de S. Paulo<\/em><\/p>\n","protected":false},"excerpt":{"rendered":"<p>O afastamento de trabalhadores por mais de 15 dias em consequ\u00eancia da Covid-19 ou sequelas da doen\u00e7a aumentou 75% este ano (64.861 nos seis primeiros meses do ano) em rela\u00e7\u00e3o ao ano passado, quando foram registrados\u00a0 37.045 afastamento de abril a dezembro, segundo\u00a0dados da Secretaria Especial de Previd\u00eancia e Trabalho.\u00a0 De acordo com os dados, [&hellip;]<\/p>\n","protected":false},"author":2,"featured_media":11448,"comment_status":"","ping_status":"","sticky":false,"template":"","format":"standard","meta":{"footnotes":""},"categories":[3],"tags":[],"class_list":["post-11449","post","type-post","status-publish","format-standard","has-post-thumbnail","hentry","category-noticias"],"_links":{"self":[{"href":"https:\/\/hostnetart.com.br\/baixada\/wp-json\/wp\/v2\/posts\/11449","targetHints":{"allow":["GET"]}}],"collection":[{"href":"https:\/\/hostnetart.com.br\/baixada\/wp-json\/wp\/v2\/posts"}],"about":[{"href":"https:\/\/hostnetart.com.br\/baixada\/wp-json\/wp\/v2\/types\/post"}],"author":[{"embeddable":true,"href":"https:\/\/hostnetart.com.br\/baixada\/wp-json\/wp\/v2\/users\/2"}],"replies":[{"embeddable":true,"href":"https:\/\/hostnetart.com.br\/baixada\/wp-json\/wp\/v2\/comments?post=11449"}],"version-history":[{"count":0,"href":"https:\/\/hostnetart.com.br\/baixada\/wp-json\/wp\/v2\/posts\/11449\/revisions"}],"wp:featuredmedia":[{"embeddable":true,"href":"https:\/\/hostnetart.com.br\/baixada\/wp-json\/wp\/v2\/media\/11448"}],"wp:attachment":[{"href":"https:\/\/hostnetart.com.br\/baixada\/wp-json\/wp\/v2\/media?parent=11449"}],"wp:term":[{"taxonomy":"category","embeddable":true,"href":"https:\/\/hostnetart.com.br\/baixada\/wp-json\/wp\/v2\/categories?post=11449"},{"taxonomy":"post_tag","embeddable":true,"href":"https:\/\/hostnetart.com.br\/baixada\/wp-json\/wp\/v2\/tags?post=11449"}],"curies":[{"name":"wp","href":"https:\/\/api.w.org\/{rel}","templated":true}]}}