{"id":11447,"date":"2021-09-09T15:35:08","date_gmt":"2021-09-09T18:35:08","guid":{"rendered":"https:\/\/hostnetart.com.br\/baixada\/cut-nao-participara-de-ato-marcado-para-o-dia-12-de-setembro\/"},"modified":"2021-09-09T15:35:08","modified_gmt":"2021-09-09T18:35:08","slug":"cut-nao-participara-de-ato-marcado-para-o-dia-12-de-setembro","status":"publish","type":"post","link":"https:\/\/hostnetart.com.br\/baixada\/cut-nao-participara-de-ato-marcado-para-o-dia-12-de-setembro\/","title":{"rendered":"CUT n\u00e3o participar\u00e1 de ato marcado para o dia 12 de setembro"},"content":{"rendered":"<p>A dire\u00e7\u00e3o da CUT divulgou um comunicado \u00e0 imprensa nesta quarta-feira (8) para informar que \u201cn\u00e3o participar\u00e1, n\u00e3o convocar\u00e1 e n\u00e3o faz parte da organiza\u00e7\u00e3o de nenhuma manifesta\u00e7\u00e3o\/ato, anunciada para o pr\u00f3ximo dia 12 de setembro\u201d.<\/p>\n<p>Este ato foi convocado por grupos de direita, como MBL e Vem Pra Rua, que contribu\u00edram com o golpe de 2016, que foi contra o Brasil e os brasileiros, e que culminou com a elei\u00e7\u00e3o de\u00a0 Jair Bolsonaro. Desde ent\u00e3o, al\u00e9m das crises social, econ\u00f4mica e sanit\u00e1ria, a classe trabalhadora vem sofrendo uma s\u00e9rie de ataques contra seus direitos.\u00a0<\/p>\n<p>No aviso \u00e0 imprensa, a dire\u00e7\u00e3o da Central refor\u00e7a seu compromisso com a pauta da classe trabalhadora, por empregos de qualidade, sal\u00e1rio e renda.<\/p>\n<p>Ressalta ainda, a luta contra toda e qualquer proposta de retirada de direitos dos trabalhadores e trabalhadoras, contra as privatiza\u00e7\u00f5es, contra a Proposta de Emenda \u00e0 Constitui\u00e7\u00e3o (PEC) n\u00ba 32, da reforma Administrativa, que desmonta o servi\u00e7o p\u00fablico, contra a fome e a carestia.<\/p>\n<p><span style=\"text-decoration: underline;\">Confira a \u00edntegra do aviso:<\/span><\/p>\n<p><em>Aviso \u00e0 imprensa sobre 12\/09<\/em><\/p>\n<p><em>A CUT, maior central sindical da Am\u00e9rica Latina, n\u00e3o participar\u00e1, n\u00e3o convocar\u00e1 e n\u00e3o faz parte da organiza\u00e7\u00e3o de nenhuma manifesta\u00e7\u00e3o\/ato, anunciada para o pr\u00f3ximo dia 12 de setembro.<\/em><\/p>\n<p><em>A CUT defende a pauta da classe trabalhadora por empregos de qualidade, sal\u00e1rio, renda, trabalho decente.<\/em><\/p>\n<p><em>Luta contra toda e qualquer retirada de direitos, contra as privatiza\u00e7\u00f5es, contra a PEC 32, que desmonta o servi\u00e7o p\u00fablico, contra a fome, a carestia.<\/em><\/p>\n<p><em>Defende a vida, a soberania e a democracia. Luta contra o governo genocida, criminoso e incompetente de Jair Bolsonaro, que colocou o Brasil na maior crise pol\u00edtica, econ\u00f4mica, sanit\u00e1ria e institucional da sua hist\u00f3ria recente.<\/em><\/p>\n<p><em>Vacina no bra\u00e7o, Comida no prato!<\/em><\/p>\n<p><em>#ForaBolsonaro<\/em><\/p>\n<p><strong>Fonte: CUT<\/strong><\/p>\n","protected":false},"excerpt":{"rendered":"<p>A dire\u00e7\u00e3o da CUT divulgou um comunicado \u00e0 imprensa nesta quarta-feira (8) para informar que \u201cn\u00e3o participar\u00e1, n\u00e3o convocar\u00e1 e n\u00e3o faz parte da organiza\u00e7\u00e3o de nenhuma manifesta\u00e7\u00e3o\/ato, anunciada para o pr\u00f3ximo dia 12 de setembro\u201d. Este ato foi convocado por grupos de direita, como MBL e Vem Pra Rua, que contribu\u00edram com o golpe [&hellip;]<\/p>\n","protected":false},"author":2,"featured_media":11446,"comment_status":"","ping_status":"","sticky":false,"template":"","format":"standard","meta":{"footnotes":""},"categories":[3],"tags":[],"class_list":["post-11447","post","type-post","status-publish","format-standard","has-post-thumbnail","hentry","category-noticias"],"_links":{"self":[{"href":"https:\/\/hostnetart.com.br\/baixada\/wp-json\/wp\/v2\/posts\/11447","targetHints":{"allow":["GET"]}}],"collection":[{"href":"https:\/\/hostnetart.com.br\/baixada\/wp-json\/wp\/v2\/posts"}],"about":[{"href":"https:\/\/hostnetart.com.br\/baixada\/wp-json\/wp\/v2\/types\/post"}],"author":[{"embeddable":true,"href":"https:\/\/hostnetart.com.br\/baixada\/wp-json\/wp\/v2\/users\/2"}],"replies":[{"embeddable":true,"href":"https:\/\/hostnetart.com.br\/baixada\/wp-json\/wp\/v2\/comments?post=11447"}],"version-history":[{"count":0,"href":"https:\/\/hostnetart.com.br\/baixada\/wp-json\/wp\/v2\/posts\/11447\/revisions"}],"wp:featuredmedia":[{"embeddable":true,"href":"https:\/\/hostnetart.com.br\/baixada\/wp-json\/wp\/v2\/media\/11446"}],"wp:attachment":[{"href":"https:\/\/hostnetart.com.br\/baixada\/wp-json\/wp\/v2\/media?parent=11447"}],"wp:term":[{"taxonomy":"category","embeddable":true,"href":"https:\/\/hostnetart.com.br\/baixada\/wp-json\/wp\/v2\/categories?post=11447"},{"taxonomy":"post_tag","embeddable":true,"href":"https:\/\/hostnetart.com.br\/baixada\/wp-json\/wp\/v2\/tags?post=11447"}],"curies":[{"name":"wp","href":"https:\/\/api.w.org\/{rel}","templated":true}]}}