{"id":11442,"date":"2021-09-09T13:29:30","date_gmt":"2021-09-09T16:29:30","guid":{"rendered":"https:\/\/hostnetart.com.br\/baixada\/inflacao-tem-alta-pela-22-semana-seguida\/"},"modified":"2021-09-09T13:29:30","modified_gmt":"2021-09-09T16:29:30","slug":"inflacao-tem-alta-pela-22-semana-seguida","status":"publish","type":"post","link":"https:\/\/hostnetart.com.br\/baixada\/inflacao-tem-alta-pela-22-semana-seguida\/","title":{"rendered":"Infla\u00e7\u00e3o tem alta pela 22\u00aa semana seguida"},"content":{"rendered":"<p>O<a href=\"https:\/\/agenciabrasil.ebc.com.br\/economia\/noticia\/2021-09\/instituicoes-financeiras-elevam-estimativa-de-inflacao-para-758\" target=\"_blank\" rel=\"noopener noreferrer\">\u00a0Boletim Focus<\/a>\u00a0divulgado na \u00faltima sexta-feira (3) mostra que a expectativa do mercado \u00e9 que a infla\u00e7\u00e3o medida pelo \u00cdndice Nacional de Pre\u00e7os ao Consumidor Amplo (IPCA) chegue a 7,76% este ano, superando por muito a meta de infla\u00e7\u00e3o do\u00a0<a href=\"https:\/\/www.redebrasilatual.com.br\/tag\/governo-bolsonaro\/\" target=\"_blank\" rel=\"noopener noreferrer\">governo Bolsonaro<\/a>. O documento registra ainda que essa \u00e9 a 22\u00aa vez\u00a0consecutiva em que a\u00a0<a href=\"https:\/\/www.redebrasilatual.com.br\/economia\/2021\/09\/renda-dos-brasileiros-cai-sob-governo-de-jair-bolsonaro\/\" target=\"_blank\" rel=\"noopener noreferrer\">proje\u00e7\u00e3o da infla\u00e7\u00e3o sobe<\/a>. O que indica que a situa\u00e7\u00e3o ainda pode piorar nos pr\u00f3ximos meses.<\/p>\n<p>Apenas no m\u00eas de agosto, a infla\u00e7\u00e3o medida pelo IPCA foi estimada em 0,89% (e confirmada hoje pelo IBGE em 0,87%) e j\u00e1 supera 9% no acumulado em 12 meses. O\u00a0<a href=\"https:\/\/www.redebrasilatual.com.br\/economia\/2021\/09\/com-queda-na-agropecuaria-pib-recua-01-no-segundo-trimestre-do-ano\/\" target=\"_blank\" rel=\"noopener noreferrer\">IPCA<\/a>\u00a0mede a infla\u00e7\u00e3o de alimentos, energia e outros bens de consumo. Al\u00e9m dele, o \u00cdndice Geral de Pre\u00e7os \u2013 Mercado (IGP-M), que impacta o reajuste dos alugu\u00e9is, est\u00e1 estimado em 19,31% este ano.<\/p>\n<p>No dia a dia das fam\u00edlias os diferentes \u00edndices de infla\u00e7\u00e3o s\u00e3o traduzidos em dificuldades: menos comida no prato, exclus\u00e3o de v\u00e1rios itens e escolher que conta pagar. Moradora de Parelheiros, no extremo sul da capital paulista, a pedagoga Ariana Costa, m\u00e3e solo de duas meninas, relata que vem precisando escolher entre pagar uma conta ou comer determinado item. Segundo ele, v\u00e1rios\u00a0produtos\u00a0j\u00e1 foram cortados da compra mensal.<\/p>\n<h2><span style=\"text-decoration: underline;\">No limite<\/span><\/h2>\n<p>\u201cTenho percebido que tem ficado tudo muito caro. J\u00e1 tivemos que escolher entre comprar um<em>\u00a0nuggets<\/em>\u00a0para as crian\u00e7as e ter que pagar uma conta, por exemplo. Antes eu conseguiu me virar com R$ 1 mil, fazer a compra do m\u00eas. E no m\u00eas passado eu tive que passar R$ 1.300 e ainda assim faltaram coisas para o m\u00eas. Est\u00e1 bem complicado, diminu\u00edmos um pouco no feij\u00e3o. No final do m\u00eas come\u00e7a a faltar as coisas, a partir do dia 25 j\u00e1 come\u00e7a a faltar o arroz, o feij\u00e3o, o sab\u00e3o para lavar uma roupa e tem ficado cada vez pior\u201d, lamenta Ariana.<\/p>\n<p>A pedagoga explica que antes, \u201ccom o (botij\u00e3o de) g\u00e1s a R$ 89, j\u00e1 estava dif\u00edcil. Agora com o g\u00e1s a R$ 105 est\u00e1 bem mais dif\u00edcil\u00a0ainda. (\u2026) Mesmo que a gente aperte na alimenta\u00e7\u00e3o ainda fica umas contas que voc\u00ea tem que tirar uni-duni-t\u00ea para voc\u00ea ver qual vai pagar ou qual vai deixar, porque est\u00e1 tudo muito caro\u201d, descreve.<\/p>\n<p>A situa\u00e7\u00e3o n\u00e3o \u00e9 diferente no interior paulista. Desempregada, a professora Jociara Keila da Silva, moradora do munic\u00edpio de Araras, teve que deixar de comprar frutas e outras coisas que os tr\u00eas filhos gostam para conseguir manter o b\u00e1sico.<\/p>\n<h3>Desvaloriza\u00e7\u00e3o dos sal\u00e1rios<\/h3>\n<p>\u201cVamos no mercado com R$ 150 para comprar comida, arroz e feij\u00e3o. Falo esse valor porque \u00e9 que conseguimos ter normalmente para ir ao mercado aqui, de R$ 150 a R$ 200, e n\u00e3o consigo comprar nada. Deixei de comprar algumas coisas, em casa sucrilhos eles (filhos) n\u00e3o comem mais. Fruta faz algum tempo (tamb\u00e9m). Eles comem quando os est\u00e3o no s\u00edtio da av\u00f3 deles, gosto de dar frutas para ele, mas n\u00e3o estou conseguindo. (\u2026) Voc\u00ea precisa de arroz, feij\u00e3o, salsicha, ovo, frango e nem passo perto da carne, que \u00e9 bom, mas n\u00e3o conseguimos comprar\u201d, conta Jociara.<\/p>\n<p>O professor de economia da Universidade Estadual de Campinas (Unicamp) Guilherme Mello explica que\u00a0<a href=\"https:\/\/www.redebrasilatual.com.br\/economia\/2021\/06\/inflacao-assombra-a-populacao-e-vai-continuar-subindo-em-itens-basicos\/\" target=\"_blank\" rel=\"noopener noreferrer\">a infla\u00e7\u00e3o no Brasil<\/a>\u00a0tem sido mais severa por conta da forte desvaloriza\u00e7\u00e3o cambial no governo Bolsonaro, que levou o d\u00f3lar a custar mais de R$ 5. O especialista explica que, com a taxa b\u00e1sica de juros muito baixa, isso tamb\u00e9m afastou investimentos. Assim como outras condi\u00e7\u00f5es, como a forte seca e o custo da energia el\u00e9trica e dos combust\u00edveis, tamb\u00e9m influenciam nessa situa\u00e7\u00e3o de alta.<\/p>\n<p>O\u00a0<a href=\"https:\/\/www.redebrasilatual.com.br\/tag\/inflacao\/\" target=\"_blank\" rel=\"noopener noreferrer\">impacto nas fam\u00edlias\u00a0<\/a>\u00e9 ainda mais grave devido ainda ao alto desemprego e aos trabalhos prec\u00e1rios, que reduzem os ganhos das fam\u00edlias deixando-as mais vulner\u00e1veis, observa Mello.<\/p>\n<h3>Ina\u00e7\u00e3o do governo<\/h3>\n<p>\u201cOu seja, as pessoas n\u00e3o est\u00e3o conseguindo fontes de renda confi\u00e1veis, seguras e est\u00e1veis, n\u00e3o tem. E ainda por cima a pouca renda que elas conseguem \u00e9 corro\u00edda pela carestia. Em particular, a infla\u00e7\u00e3o est\u00e1 muito concentrada em itens da cesta b\u00e1sica de consumo que s\u00e3o t\u00edpicas das fam\u00edlias trabalhadoras mais pobres, alimentos, em primeiro lugar, energia, o botij\u00e3o de g\u00e1s e em parte os combust\u00edveis que t\u00eam um impacto sobre toda as cadeias produtivas. E o impacto disso, obviamente, \u00e9 muito duro sobre a popula\u00e7\u00e3o. E tamb\u00e9m porque os sal\u00e1rios, como se precarizou muito o mercado de trabalho, n\u00e3o acompanham a infla\u00e7\u00e3o\u201d, destaca.<\/p>\n<p>O professor de economia ressalta ainda que o governo Bolsonaro n\u00e3o toma as medidas necess\u00e1rias para reverter a situa\u00e7\u00e3o. E mesmo as poucas alternativas que v\u00eam sendo anunciadas, como aumento da taxa b\u00e1sica de juros, devem agravar a situa\u00e7\u00e3o.<\/p>\n<p>Al\u00e9m dos dados de infla\u00e7\u00e3o, o Boletim Focus registrou uma nova redu\u00e7\u00e3o na expectativa de crescimento do Produto Interno Bruto (PIB) brasileiro, bem como um aumento no pre\u00e7o do d\u00f3lar, condi\u00e7\u00f5es que podem agravar ainda mais a situa\u00e7\u00e3o.<\/p>\n<p><strong>Fonte: Rede Brasil Atual<\/strong><\/p>\n","protected":false},"excerpt":{"rendered":"<p>O\u00a0Boletim Focus\u00a0divulgado na \u00faltima sexta-feira (3) mostra que a expectativa do mercado \u00e9 que a infla\u00e7\u00e3o medida pelo \u00cdndice Nacional de Pre\u00e7os ao Consumidor Amplo (IPCA) chegue a 7,76% este ano, superando por muito a meta de infla\u00e7\u00e3o do\u00a0governo Bolsonaro. O documento registra ainda que essa \u00e9 a 22\u00aa vez\u00a0consecutiva em que a\u00a0proje\u00e7\u00e3o da infla\u00e7\u00e3o [&hellip;]<\/p>\n","protected":false},"author":2,"featured_media":11441,"comment_status":"","ping_status":"","sticky":false,"template":"","format":"standard","meta":{"footnotes":""},"categories":[3],"tags":[],"class_list":["post-11442","post","type-post","status-publish","format-standard","has-post-thumbnail","hentry","category-noticias"],"_links":{"self":[{"href":"https:\/\/hostnetart.com.br\/baixada\/wp-json\/wp\/v2\/posts\/11442","targetHints":{"allow":["GET"]}}],"collection":[{"href":"https:\/\/hostnetart.com.br\/baixada\/wp-json\/wp\/v2\/posts"}],"about":[{"href":"https:\/\/hostnetart.com.br\/baixada\/wp-json\/wp\/v2\/types\/post"}],"author":[{"embeddable":true,"href":"https:\/\/hostnetart.com.br\/baixada\/wp-json\/wp\/v2\/users\/2"}],"replies":[{"embeddable":true,"href":"https:\/\/hostnetart.com.br\/baixada\/wp-json\/wp\/v2\/comments?post=11442"}],"version-history":[{"count":0,"href":"https:\/\/hostnetart.com.br\/baixada\/wp-json\/wp\/v2\/posts\/11442\/revisions"}],"wp:featuredmedia":[{"embeddable":true,"href":"https:\/\/hostnetart.com.br\/baixada\/wp-json\/wp\/v2\/media\/11441"}],"wp:attachment":[{"href":"https:\/\/hostnetart.com.br\/baixada\/wp-json\/wp\/v2\/media?parent=11442"}],"wp:term":[{"taxonomy":"category","embeddable":true,"href":"https:\/\/hostnetart.com.br\/baixada\/wp-json\/wp\/v2\/categories?post=11442"},{"taxonomy":"post_tag","embeddable":true,"href":"https:\/\/hostnetart.com.br\/baixada\/wp-json\/wp\/v2\/tags?post=11442"}],"curies":[{"name":"wp","href":"https:\/\/api.w.org\/{rel}","templated":true}]}}