{"id":11440,"date":"2021-09-08T20:27:11","date_gmt":"2021-09-08T23:27:11","guid":{"rendered":"https:\/\/hostnetart.com.br\/baixada\/atos-e-grito-dos-excluidos-levam-milhares-as-ruas-em-defesa-da-democracia\/"},"modified":"2021-09-08T20:27:11","modified_gmt":"2021-09-08T23:27:11","slug":"atos-e-grito-dos-excluidos-levam-milhares-as-ruas-em-defesa-da-democracia","status":"publish","type":"post","link":"https:\/\/hostnetart.com.br\/baixada\/atos-e-grito-dos-excluidos-levam-milhares-as-ruas-em-defesa-da-democracia\/","title":{"rendered":"Atos e Grito dos Exclu\u00eddos levam milhares \u00e0s ruas em defesa da democracia"},"content":{"rendered":"<p><span style=\"font-size: 12.16px;\">Os atos pelo Fora Bolsonaro, realizados na \u00faltima ter\u00e7a-feira (7), levaram milhares de pessoas \u00e0s ruas em mais de 200 cidades do pa\u00eds. As manifesta\u00e7\u00f5es se uniram ao tradicional Grito dos Exclu\u00eddos, realizado pela Confer\u00eancia Nacional dos Bispos do Brasil h\u00e1 mais de 27 anos.<\/span><\/p>\n<p>Nas redes sociais, o presidente da\u00a0<a href=\"https:\/\/www.cut.org.br\/\" target=\"_blank\" rel=\"noopener noreferrer\">CUT<\/a>, S\u00e9rgio Nobre, parabenizou os manifestantes que foram \u00e0s ruas e as iniciativas de arrecada\u00e7\u00e3o de alimentos promovidas durante os atos Fora Bolsonaro. \u201cO povo brasileiro n\u00e3o aceita mais a continuidade do genoc\u00eddio, o desmonte do Estado, a exclus\u00e3o e fome que tem atingido milh\u00f5es de brasileiros. Quero parabenizar a iniciativa dos companheiros que distribu\u00edram alimentos durante a manifesta\u00e7\u00e3o, pois \u00e9 um gesto de solidariedade necess\u00e1rio neste momento\u201d, disse.<\/p>\n<p>Segundo os organizadores, os protestos aconteceram em mais de 200 cidades do pa\u00eds. Em S\u00e3o Paulo, a manifesta\u00e7\u00e3o foi realizada no Vale do Anhangaba\u00fa, no centro da cidade. A Avenida Paulista foi cedida aos\u00a0<a href=\"https:\/\/www.redebrasilatual.com.br\/politica\/2021\/09\/paulista-bolsonaro-stf-moraes-sistema-eleitoral\/\" target=\"_blank\" rel=\"noopener noreferrer\">apoiadores do presidente Jair Bolsonaro<\/a>, que se reuniram em defesa de pautas antidemocr\u00e1ticas como o apoio \u00e0 interven\u00e7\u00e3o militar.<\/p>\n<p>Em discurso aos manifestantes de oposi\u00e7\u00e3o, o coordenador do Movimento dos Trabalhadores Sem Teto (MTST), Guilherme Boulos, afirmou que as amea\u00e7as de Bolsonaro \u00e0 democracia n\u00e3o s\u00e3o as respostas que o povo brasileiro precisa.<\/p>\n<p>\u201cO Brasil n\u00e3o quer saber de ataque \u00e0s institui\u00e7\u00f5es, o brasileiro quer saber de combate \u00e0 fome, do pre\u00e7o do feij\u00e3o, do botij\u00e3o de g\u00e1s e do litro da gasolina. O Brasil quer saber do combate ao desemprego, mas Bolsonaro n\u00e3o tem resposta pra isso e, no desespero, ataca a democracia\u201d, discursou Boulos.<\/p>\n<h2><span style=\"text-decoration: underline;\">Resist\u00eancia hist\u00f3rica no Fora Bolsonaro<\/span><\/h2>\n<p>Raimundo Bonfim, da coordena\u00e7\u00e3o da Central de Movimentos Populares, diz que o 7 de setembro de 2021 vai entrar para a hist\u00f3ria do pa\u00eds, pois, se de um lado foram vistos atos antidemocr\u00e1ticos\u00a0<a href=\"https:\/\/www.redebrasilatual.com.br\/politica\/2021\/09\/vim-para-rua-porque-o-fascismo-esta-ai-o-que-moveu-os-ativistas-de-esquerda-no-7-de-setembro\/\" target=\"_blank\" rel=\"noopener noreferrer\">convocados pelo pr\u00f3prio presidente da Rep\u00fablica<\/a>, do outro, movimentos populares fizeram resist\u00eancia contra uma tentativa de golpe.<\/p>\n<p>\u201cO dia de ontem ser\u00e1 marcado pelo presidente liderando fan\u00e1ticos, milicianos e grupos fascistas em busca de apoio para forjar um golpe de Estado. Por outro lado, os movimentos populares tiveram coragem para defender a democracia e os direitos do povo\u201d, afirmou, \u00e0\u00a0<strong>R\u00e1dio Brasil Atual<\/strong>.<\/p>\n<p>O integrante da Uneafro e da Coaliz\u00e3o Negra por Direitos, Douglas Belchior, ressaltou a hist\u00f3ria do povo negro, ind\u00edgena e trabalhador pela liberdade. \u201cBolsonaro tem que limpar a boca para falar de liberdade, porque o povo que sempre lutou por isso foram os negros, ind\u00edgenas e os trabalhadores. Historicamente, a liberdade \u00e9 o objetivo da luta dos trabalhadores, em busca de um sal\u00e1rio digno\u201d, disse aos manifestantes.<\/p>\n<p>Ao celebrar os atos Fora Bolsonaro desse\u00a0<a href=\"https:\/\/www.redebrasilatual.com.br\/politica\/2021\/09\/atos-fora-bolsonaro-e-grito-dos-excluidos-convocam-para-a-resistencia-ao-golpe\/\" target=\"_blank\" rel=\"noopener noreferrer\">7 de setembro<\/a>, Rozana Barroso, presidenta da Uni\u00e3o Brasileira dos Estudantes Secundaristas (Ubes), afirma que as pr\u00f3ximas manifesta\u00e7\u00f5es contra Bolsonaro ser\u00e3o ainda maiores. \u201cForam atos para mostrar que a rua n\u00e3o \u00e9 terra sem lei. Mostramos que n\u00e3o aceitamos as amea\u00e7as \u00e0 democracia e deixamos o recado de que amanh\u00e3 ser\u00e1 ainda maior. Vamos organizar uma nova grande mobiliza\u00e7\u00e3o e levar todo o povo \u00e0s ruas contra Bolsonaro.\u201d<\/p>\n<p><strong>Fonte: Rede Brasil Atual<\/strong><\/p>\n","protected":false},"excerpt":{"rendered":"<p>Os atos pelo Fora Bolsonaro, realizados na \u00faltima ter\u00e7a-feira (7), levaram milhares de pessoas \u00e0s ruas em mais de 200 cidades do pa\u00eds. As manifesta\u00e7\u00f5es se uniram ao tradicional Grito dos Exclu\u00eddos, realizado pela Confer\u00eancia Nacional dos Bispos do Brasil h\u00e1 mais de 27 anos. Nas redes sociais, o presidente da\u00a0CUT, S\u00e9rgio Nobre, parabenizou os [&hellip;]<\/p>\n","protected":false},"author":2,"featured_media":11439,"comment_status":"","ping_status":"","sticky":false,"template":"","format":"standard","meta":{"footnotes":""},"categories":[3],"tags":[],"class_list":["post-11440","post","type-post","status-publish","format-standard","has-post-thumbnail","hentry","category-noticias"],"_links":{"self":[{"href":"https:\/\/hostnetart.com.br\/baixada\/wp-json\/wp\/v2\/posts\/11440","targetHints":{"allow":["GET"]}}],"collection":[{"href":"https:\/\/hostnetart.com.br\/baixada\/wp-json\/wp\/v2\/posts"}],"about":[{"href":"https:\/\/hostnetart.com.br\/baixada\/wp-json\/wp\/v2\/types\/post"}],"author":[{"embeddable":true,"href":"https:\/\/hostnetart.com.br\/baixada\/wp-json\/wp\/v2\/users\/2"}],"replies":[{"embeddable":true,"href":"https:\/\/hostnetart.com.br\/baixada\/wp-json\/wp\/v2\/comments?post=11440"}],"version-history":[{"count":0,"href":"https:\/\/hostnetart.com.br\/baixada\/wp-json\/wp\/v2\/posts\/11440\/revisions"}],"wp:featuredmedia":[{"embeddable":true,"href":"https:\/\/hostnetart.com.br\/baixada\/wp-json\/wp\/v2\/media\/11439"}],"wp:attachment":[{"href":"https:\/\/hostnetart.com.br\/baixada\/wp-json\/wp\/v2\/media?parent=11440"}],"wp:term":[{"taxonomy":"category","embeddable":true,"href":"https:\/\/hostnetart.com.br\/baixada\/wp-json\/wp\/v2\/categories?post=11440"},{"taxonomy":"post_tag","embeddable":true,"href":"https:\/\/hostnetart.com.br\/baixada\/wp-json\/wp\/v2\/tags?post=11440"}],"curies":[{"name":"wp","href":"https:\/\/api.w.org\/{rel}","templated":true}]}}