{"id":11438,"date":"2021-09-08T20:19:09","date_gmt":"2021-09-08T23:19:09","guid":{"rendered":"https:\/\/hostnetart.com.br\/baixada\/procurador-pede-ao-tcu-afastamento-de-presidentes-do-bb-e-da-caixa\/"},"modified":"2021-09-08T20:19:09","modified_gmt":"2021-09-08T23:19:09","slug":"procurador-pede-ao-tcu-afastamento-de-presidentes-do-bb-e-da-caixa","status":"publish","type":"post","link":"https:\/\/hostnetart.com.br\/baixada\/procurador-pede-ao-tcu-afastamento-de-presidentes-do-bb-e-da-caixa\/","title":{"rendered":"Procurador pede ao TCU afastamento de presidentes do BB e da Caixa"},"content":{"rendered":"<p>O subprocurador-geral do Minist\u00e9rio P\u00fablico junto ao TCU, Lucas Furtado, apresentou representa\u00e7\u00e3o no tribunal em que pede a investiga\u00e7\u00e3o, e o devido afastamento, dos presidentes do Banco do Brasil, Fausto Ribeiro, e da Caixa, Pedro Guimar\u00e3es, por suposto uso pol\u00edtico das institui\u00e7\u00f5es no epis\u00f3dio do manifesto da Febraban.<\/p>\n<p>\u201cEntendo que a quest\u00e3o ora em considera\u00e7\u00e3o encerra as condi\u00e7\u00f5es necess\u00e1rias e suficientes para que, com base no que disp\u00f5e o artigo 276, caput, do Regimento Interno do TCU, seja adotada medida cautelar determinando o afastamento tanto do presidente da Caixa Econ\u00f4mica Federal, Sr. Pedro Guimar\u00e3es, como o do Banco do Brasil, Sr. Fausto de Andrade Ribeiro, uma vez que demonstraram que o motor das decis\u00f5es tomadas na condu\u00e7\u00e3o das institui\u00e7\u00f5es que dirigem possui forte vi\u00e9s pol\u00edtico, em afronta ao esperado zelo pelo interesse p\u00fablico e n\u00e3o do governo de plant\u00e3o\u201d, diz Furtado.<\/p>\n<p>\u201cEst\u00e3o evidentemente presentes, neste caso, o<em>\u00a0fumus boni iuris<\/em>\u00a0e o\u00a0<em>periculum in mora<\/em>, amparados na legisla\u00e7\u00e3o aplic\u00e1vel \u00e0 mat\u00e9ria, no fundado receio de ocorrer grave les\u00e3o ao interesse p\u00fablico e no risco de inefic\u00e1cia de tardia decis\u00e3o de m\u00e9rito\u201d, segue o procurador.<\/p>\n<p>Recentemente, Caixa e BB entraram numa disputa com a Febraban ao tomarem conhecimento da articula\u00e7\u00e3o de um manifesto em que a entidade dos bancos defenderia a harmonia entre os poderes, em recado aos ataques propagados por apoiadores de Jair Bolsonaro e pelo pr\u00f3prio presidente.<\/p>\n<p><strong>Fonte: Veja<\/strong><\/p>\n","protected":false},"excerpt":{"rendered":"<p>O subprocurador-geral do Minist\u00e9rio P\u00fablico junto ao TCU, Lucas Furtado, apresentou representa\u00e7\u00e3o no tribunal em que pede a investiga\u00e7\u00e3o, e o devido afastamento, dos presidentes do Banco do Brasil, Fausto Ribeiro, e da Caixa, Pedro Guimar\u00e3es, por suposto uso pol\u00edtico das institui\u00e7\u00f5es no epis\u00f3dio do manifesto da Febraban. \u201cEntendo que a quest\u00e3o ora em considera\u00e7\u00e3o [&hellip;]<\/p>\n","protected":false},"author":2,"featured_media":11437,"comment_status":"","ping_status":"","sticky":false,"template":"","format":"standard","meta":{"footnotes":""},"categories":[3],"tags":[],"class_list":["post-11438","post","type-post","status-publish","format-standard","has-post-thumbnail","hentry","category-noticias"],"_links":{"self":[{"href":"https:\/\/hostnetart.com.br\/baixada\/wp-json\/wp\/v2\/posts\/11438","targetHints":{"allow":["GET"]}}],"collection":[{"href":"https:\/\/hostnetart.com.br\/baixada\/wp-json\/wp\/v2\/posts"}],"about":[{"href":"https:\/\/hostnetart.com.br\/baixada\/wp-json\/wp\/v2\/types\/post"}],"author":[{"embeddable":true,"href":"https:\/\/hostnetart.com.br\/baixada\/wp-json\/wp\/v2\/users\/2"}],"replies":[{"embeddable":true,"href":"https:\/\/hostnetart.com.br\/baixada\/wp-json\/wp\/v2\/comments?post=11438"}],"version-history":[{"count":0,"href":"https:\/\/hostnetart.com.br\/baixada\/wp-json\/wp\/v2\/posts\/11438\/revisions"}],"wp:featuredmedia":[{"embeddable":true,"href":"https:\/\/hostnetart.com.br\/baixada\/wp-json\/wp\/v2\/media\/11437"}],"wp:attachment":[{"href":"https:\/\/hostnetart.com.br\/baixada\/wp-json\/wp\/v2\/media?parent=11438"}],"wp:term":[{"taxonomy":"category","embeddable":true,"href":"https:\/\/hostnetart.com.br\/baixada\/wp-json\/wp\/v2\/categories?post=11438"},{"taxonomy":"post_tag","embeddable":true,"href":"https:\/\/hostnetart.com.br\/baixada\/wp-json\/wp\/v2\/tags?post=11438"}],"curies":[{"name":"wp","href":"https:\/\/api.w.org\/{rel}","templated":true}]}}