{"id":11420,"date":"2021-09-01T17:17:49","date_gmt":"2021-09-01T20:17:49","guid":{"rendered":"https:\/\/hostnetart.com.br\/baixada\/setembro-amarelo\/"},"modified":"2021-09-01T17:17:49","modified_gmt":"2021-09-01T20:17:49","slug":"setembro-amarelo","status":"publish","type":"post","link":"https:\/\/hostnetart.com.br\/baixada\/setembro-amarelo\/","title":{"rendered":"Setembro Amarelo"},"content":{"rendered":"<p>A partir de hoje, se inicia o #SetembroAmarelo, uma campanha de preven\u00e7\u00e3o ao suic\u00eddio.<\/p>\n<p>\u00c9 preciso ressaltar a import\u00e2ncia de cuidar da sa\u00fade mental, principalmente durante essa pandemia que j\u00e1 dura quase dois anos.<\/p>\n<p>Por isso, sempre que precisar, procure ajuda.<\/p>\n<p>O Centro de Valoriza\u00e7\u00e3o da Vida (CVV) presta um servi\u00e7o gratuito de apoio emocional e preven\u00e7\u00e3o do suic\u00eddio. Os contatos est\u00e3o dispon\u00edveis 24h por dia, todos os dias.<\/p>\n<p>Ligue para 188 ou acesse\u00a0https:\/\/www.cvv.org.br\/<\/p>\n","protected":false},"excerpt":{"rendered":"<p>A partir de hoje, se inicia o #SetembroAmarelo, uma campanha de preven\u00e7\u00e3o ao suic\u00eddio. \u00c9 preciso ressaltar a import\u00e2ncia de cuidar da sa\u00fade mental, principalmente durante essa pandemia que j\u00e1 dura quase dois anos. Por isso, sempre que precisar, procure ajuda. O Centro de Valoriza\u00e7\u00e3o da Vida (CVV) presta um servi\u00e7o gratuito de apoio emocional [&hellip;]<\/p>\n","protected":false},"author":2,"featured_media":11419,"comment_status":"","ping_status":"","sticky":false,"template":"","format":"standard","meta":{"footnotes":""},"categories":[3],"tags":[],"class_list":["post-11420","post","type-post","status-publish","format-standard","has-post-thumbnail","hentry","category-noticias"],"_links":{"self":[{"href":"https:\/\/hostnetart.com.br\/baixada\/wp-json\/wp\/v2\/posts\/11420","targetHints":{"allow":["GET"]}}],"collection":[{"href":"https:\/\/hostnetart.com.br\/baixada\/wp-json\/wp\/v2\/posts"}],"about":[{"href":"https:\/\/hostnetart.com.br\/baixada\/wp-json\/wp\/v2\/types\/post"}],"author":[{"embeddable":true,"href":"https:\/\/hostnetart.com.br\/baixada\/wp-json\/wp\/v2\/users\/2"}],"replies":[{"embeddable":true,"href":"https:\/\/hostnetart.com.br\/baixada\/wp-json\/wp\/v2\/comments?post=11420"}],"version-history":[{"count":0,"href":"https:\/\/hostnetart.com.br\/baixada\/wp-json\/wp\/v2\/posts\/11420\/revisions"}],"wp:featuredmedia":[{"embeddable":true,"href":"https:\/\/hostnetart.com.br\/baixada\/wp-json\/wp\/v2\/media\/11419"}],"wp:attachment":[{"href":"https:\/\/hostnetart.com.br\/baixada\/wp-json\/wp\/v2\/media?parent=11420"}],"wp:term":[{"taxonomy":"category","embeddable":true,"href":"https:\/\/hostnetart.com.br\/baixada\/wp-json\/wp\/v2\/categories?post=11420"},{"taxonomy":"post_tag","embeddable":true,"href":"https:\/\/hostnetart.com.br\/baixada\/wp-json\/wp\/v2\/tags?post=11420"}],"curies":[{"name":"wp","href":"https:\/\/api.w.org\/{rel}","templated":true}]}}