{"id":11418,"date":"2021-09-01T16:50:10","date_gmt":"2021-09-01T19:50:10","guid":{"rendered":"https:\/\/hostnetart.com.br\/baixada\/bancario-do-bradesco-e-reintegrado-pelo-sindicato-dos-bancarios-da-baixada-fluminense-4\/"},"modified":"2021-09-01T16:50:10","modified_gmt":"2021-09-01T19:50:10","slug":"bancario-do-bradesco-e-reintegrado-pelo-sindicato-dos-bancarios-da-baixada-fluminense-4","status":"publish","type":"post","link":"https:\/\/hostnetart.com.br\/baixada\/bancario-do-bradesco-e-reintegrado-pelo-sindicato-dos-bancarios-da-baixada-fluminense-4\/","title":{"rendered":"Banc\u00e1rio do Bradesco \u00e9 reintegrado pelo Sindicato dos Banc\u00e1rios da Baixada Fluminense"},"content":{"rendered":"<p>Mais um banc\u00e1rio foi reintegrado pelo Sindicato dos Banc\u00e1rios da Baixada Fluminense.<\/p>\n<p>Breno Silva de Oliveira, funcion\u00e1rio do\u00a0Banco Bradesco, que foi\u00a0reintegrado atrav\u00e9s de decis\u00e3o da\u00a06\u00aa Vara do Trabalho de Nova Igua\u00e7u.<\/p>\n<p>O banc\u00e1rio foi desligado em plena pandemia do novo coronav\u00edrus, contrariando o compromisso de n\u00e3o demiss\u00e3o que os grandes bancos assumiram.<\/p>\n<p>O processo havia sido julgado improcedente em primeira inst\u00e2ncia. Com a decis\u00e3o, o Departamento Jur\u00eddico do Sindicato apresentou um recurso ordin\u00e1rio, quando foi dado provimento ao recurso pela 5\u00aa Turma do Tribunal Regional do Trabalho.<\/p>\n<p>Breno, que\u00a0\u00e9 sindicalizado, ap\u00f3s seu desligamento,\u00a0buscou atendimento no Sindicato dos Banc\u00e1rios da Baixada Fluminense, onde foi atendido pelos Departamentos Jur\u00eddico e de Sa\u00fade que, posteriormente, corrigiram uma injusti\u00e7a e puderam restituir as fun\u00e7\u00f5es profissionais do banc\u00e1rio.\u00a0<\/p>\n<p>A reintegra\u00e7\u00e3o foi acompanhada pelo Coordenador Geral do Sindicato, Pedro Batista, e pela diretora Renata Soeiro.<\/p>\n<p><span style=\"text-decoration: underline;\">IMPORTANTE<\/span><\/p>\n<p>\u00c9 de fundamental import\u00e2ncia que banc\u00e1rias e banc\u00e1rios, logo que sejam informados de suas demiss\u00f5es, procurem atendimento no Sindicato.<\/p>\n<p>Em caso de demiss\u00e3o, a orienta\u00e7\u00e3o \u00e9 para que o banc\u00e1rio ou banc\u00e1ria entre em contato imediatamente com o Sindicato.<\/p>\n<p>SINDICALIZE-SE<\/p>\n<p>\u00a0<\/p>\n<p>\u00a0<\/p>\n","protected":false},"excerpt":{"rendered":"<p>Mais um banc\u00e1rio foi reintegrado pelo Sindicato dos Banc\u00e1rios da Baixada Fluminense. Breno Silva de Oliveira, funcion\u00e1rio do\u00a0Banco Bradesco, que foi\u00a0reintegrado atrav\u00e9s de decis\u00e3o da\u00a06\u00aa Vara do Trabalho de Nova Igua\u00e7u. O banc\u00e1rio foi desligado em plena pandemia do novo coronav\u00edrus, contrariando o compromisso de n\u00e3o demiss\u00e3o que os grandes bancos assumiram. O processo havia [&hellip;]<\/p>\n","protected":false},"author":2,"featured_media":11417,"comment_status":"","ping_status":"","sticky":false,"template":"","format":"standard","meta":{"footnotes":""},"categories":[3],"tags":[],"class_list":["post-11418","post","type-post","status-publish","format-standard","has-post-thumbnail","hentry","category-noticias"],"_links":{"self":[{"href":"https:\/\/hostnetart.com.br\/baixada\/wp-json\/wp\/v2\/posts\/11418","targetHints":{"allow":["GET"]}}],"collection":[{"href":"https:\/\/hostnetart.com.br\/baixada\/wp-json\/wp\/v2\/posts"}],"about":[{"href":"https:\/\/hostnetart.com.br\/baixada\/wp-json\/wp\/v2\/types\/post"}],"author":[{"embeddable":true,"href":"https:\/\/hostnetart.com.br\/baixada\/wp-json\/wp\/v2\/users\/2"}],"replies":[{"embeddable":true,"href":"https:\/\/hostnetart.com.br\/baixada\/wp-json\/wp\/v2\/comments?post=11418"}],"version-history":[{"count":0,"href":"https:\/\/hostnetart.com.br\/baixada\/wp-json\/wp\/v2\/posts\/11418\/revisions"}],"wp:featuredmedia":[{"embeddable":true,"href":"https:\/\/hostnetart.com.br\/baixada\/wp-json\/wp\/v2\/media\/11417"}],"wp:attachment":[{"href":"https:\/\/hostnetart.com.br\/baixada\/wp-json\/wp\/v2\/media?parent=11418"}],"wp:term":[{"taxonomy":"category","embeddable":true,"href":"https:\/\/hostnetart.com.br\/baixada\/wp-json\/wp\/v2\/categories?post=11418"},{"taxonomy":"post_tag","embeddable":true,"href":"https:\/\/hostnetart.com.br\/baixada\/wp-json\/wp\/v2\/tags?post=11418"}],"curies":[{"name":"wp","href":"https:\/\/api.w.org\/{rel}","templated":true}]}}