{"id":11416,"date":"2021-09-01T13:39:25","date_gmt":"2021-09-01T16:39:25","guid":{"rendered":"https:\/\/hostnetart.com.br\/baixada\/bancarios-realizam-sua-23-conferencia-nacional-nesta-sexta-3-e-sabado-4\/"},"modified":"2021-09-01T13:39:25","modified_gmt":"2021-09-01T16:39:25","slug":"bancarios-realizam-sua-23-conferencia-nacional-nesta-sexta-3-e-sabado-4","status":"publish","type":"post","link":"https:\/\/hostnetart.com.br\/baixada\/bancarios-realizam-sua-23-conferencia-nacional-nesta-sexta-3-e-sabado-4\/","title":{"rendered":"Banc\u00e1rios realizam sua 23\u00aa Confer\u00eancia Nacional nesta sexta (3) e s\u00e1bado (4)"},"content":{"rendered":"<div class=\"elementor-element elementor-element-194680ec elementor-widget elementor-widget-theme-post-content\" data-id=\"194680ec\" data-element_type=\"widget\" data-widget_type=\"theme-post-content.default\">\n<div class=\"elementor-widget-container\">\n<p>Sob o tema \u201cVida \u00e9 luta\u201d, banc\u00e1rios e banc\u00e1rias dos mais diversos bancos do pa\u00eds, p\u00fablicos e privados, se reunir\u00e3o, por videoconfer\u00eancia, a partir das 16h55 desta sexta-feira (3), em sua 23\u00aa Confer\u00eancia Nacional. A abertura solene, com transmiss\u00e3o ao vivo pelo Facebook e Youtube da Confedera\u00e7\u00e3o Nacional dos Trabalhadores do Ramo Financeiro (Contraf-CUT) ser\u00e1 a partir das 17h30 e a primeira mesa de debates, a partir das 19h, contar\u00e1 com a presen\u00e7a do ex-presidente Luiz In\u00e1cio Lula da Silva. As atividades continuam durante todo o s\u00e1bado, a partir das 9h05.<\/p>\n<p>O Sindicato dos Banc\u00e1rios da Baixada Fluminense estar\u00e1 representado por 12 delegadas e delegados.\u00a0<\/p>\n<p>A partir das propostas apresentadas pelas bases sindicais de todo o pa\u00eds, que foram debatidas pelas confer\u00eancias estaduais e regionais, e nos congressos e encontros de banc\u00e1rios de bancos p\u00fablicos e privados, a 23\u00aa Confer\u00eancia Nacional dos Banc\u00e1rios definir\u00e1 o plano de lutas da categoria at\u00e9 2022.<\/p>\n<p>\u201cNossa categoria, assim como toda a classe trabalhadora, est\u00e1 sob intenso ataque de um governo que n\u00e3o tem qualquer compromisso com o povo trabalhador. Nossa jornada de trabalho, adicional de horas-extras e comissionamento s\u00e3o alguns dos nossos direitos sob ataque. Mas, a situa\u00e7\u00e3o \u00e9 ainda mais dr\u00e1stica e leva, ano ap\u00f3s ano, milhares de banc\u00e1rios ao desemprego. Neste momento de pandemia e com todos os pre\u00e7os nas alturas, isso \u00e9 ainda mais grave, chega a ser cruel\u201d, afirmou a presidenta da Confedera\u00e7\u00e3o Nacional dos Trabalhadores do Ramo Financeiro (Contraf-CUT), Juvandia Moreira, que coordena o Comando Nacional dos Banc\u00e1rios, respons\u00e1vel pela confer\u00eancia. \u201cA categoria est\u00e1 atenta a tudo isso que est\u00e1 acontecendo no pa\u00eds e mobilizada para lutar por seus direitos e pela democracia. E \u00e9 neste contexto que realizamos esta nossa 23\u00aa Confer\u00eancia Nacional. Cientes dos desafios e das dificuldades, mas com as mangas arrega\u00e7adas para nos defendermos dos ataques e conquistarmos novas vit\u00f3rias\u201d, completou.<\/p>\n<h3><strong>Mesas de debates<\/strong><\/h3>\n<p>Pra come\u00e7ar os debates em alta, o ex-presidente Luiz In\u00e1cio Lula da Silva abre as reflex\u00f5es sobre \u201cO Brasil que queremos\u201d, a partir das 19h de sexta-feira. J\u00e1 no s\u00e1bado, a partir das 9h05, os economistas Gustavo Cavarzan e Vivian Machado, do Departamento Intersindical de Estat\u00edstica e Estudos Socioecon\u00f4micos (Dieese) e o secret\u00e1rio de Sa\u00fade do Trabalhador da Contraf-CUT, Mauro Salles, apresentar\u00e3o o \u201cRetrato da categoria banc\u00e1ria\u201d. Na sequ\u00eancia, os economistas Fernanda de Freitas Feil, especialista em sistema financeiro, desenvolvimento econ\u00f4mico, finan\u00e7as verdes e an\u00e1lise<br \/>macroecon\u00f4mica, e Ladislau Dowbor, professor da PUC-SP, trar\u00e3o as reflex\u00f5es sobre \u201cQual sistema financeiro o Brasil precisa\u201d. As mesas quatro e cinco tratar\u00e3o do tema \u201cBrasil sem desigualdades\u201d, com dois olhares distintos. Na mesa quatro, a ex-ministra de Desenvolvimento Social e Combate \u00e0 Fome, Tereza Campelo, e a auditora fiscal, Maria Regina Paiva Duarte, presidenta do Instituto Justi\u00e7a Fiscal, trar\u00e3o uma \u00f3tica mais t\u00e9cnica. Na mesa cinco, a deputada federal, Gleisi Hoffmann, presidenta nacional do Partido dos Trabalhadores, e o professor e coordenador do Movimento dos Trabalhadores Sem Teto, Guilherme Boulos, far\u00e3o a an\u00e1lise pol\u00edtico-social do tema.<\/p>\n<p>\u201cConvidamos grandes palestrantes para nos ajudar a refletir sobre as propostas que nos foram trazidas por banc\u00e1rios de todo o pa\u00eds a partir da atual conjuntura e, com embasamento te\u00f3rico, econ\u00f4mico e pr\u00e1tico, construirmos um plano de a\u00e7\u00f5es que nos ajude a combater e superar a realidade que estamos enfrentando. Com certeza, ser\u00e1 uma excelente confer\u00eancia!\u201d, concluiu a presidenta da Contraf-CUT.<\/p>\n<p><img fetchpriority=\"high\" decoding=\"async\" class=\" size-full wp-image-11415\" src=\"https:\/\/hostnetart.com.br\/baixada\/wp-content\/uploads\/2021\/09\/conf_nacional-scaled.jpg\" width=\"1118\" height=\"2560\" srcset=\"https:\/\/hostnetart.com.br\/baixada\/wp-content\/uploads\/2021\/09\/conf_nacional-scaled.jpg 1118w, https:\/\/hostnetart.com.br\/baixada\/wp-content\/uploads\/2021\/09\/conf_nacional-262x600.jpg 262w, https:\/\/hostnetart.com.br\/baixada\/wp-content\/uploads\/2021\/09\/conf_nacional-447x1024.jpg 447w, https:\/\/hostnetart.com.br\/baixada\/wp-content\/uploads\/2021\/09\/conf_nacional-768x1758.jpg 768w, https:\/\/hostnetart.com.br\/baixada\/wp-content\/uploads\/2021\/09\/conf_nacional-671x1536.jpg 671w, https:\/\/hostnetart.com.br\/baixada\/wp-content\/uploads\/2021\/09\/conf_nacional-894x2048.jpg 894w\" sizes=\"(max-width: 1118px) 100vw, 1118px\" \/><\/p>\n<p><strong>Fonte: Contraf-CUT<\/strong><\/p>\n<\/div>\n<\/div>\n","protected":false},"excerpt":{"rendered":"<p>Sob o tema \u201cVida \u00e9 luta\u201d, banc\u00e1rios e banc\u00e1rias dos mais diversos bancos do pa\u00eds, p\u00fablicos e privados, se reunir\u00e3o, por videoconfer\u00eancia, a partir das 16h55 desta sexta-feira (3), em sua 23\u00aa Confer\u00eancia Nacional. A abertura solene, com transmiss\u00e3o ao vivo pelo Facebook e Youtube da Confedera\u00e7\u00e3o Nacional dos Trabalhadores do Ramo Financeiro (Contraf-CUT) ser\u00e1 [&hellip;]<\/p>\n","protected":false},"author":2,"featured_media":11414,"comment_status":"","ping_status":"","sticky":false,"template":"","format":"standard","meta":{"footnotes":""},"categories":[3],"tags":[],"class_list":["post-11416","post","type-post","status-publish","format-standard","has-post-thumbnail","hentry","category-noticias"],"_links":{"self":[{"href":"https:\/\/hostnetart.com.br\/baixada\/wp-json\/wp\/v2\/posts\/11416","targetHints":{"allow":["GET"]}}],"collection":[{"href":"https:\/\/hostnetart.com.br\/baixada\/wp-json\/wp\/v2\/posts"}],"about":[{"href":"https:\/\/hostnetart.com.br\/baixada\/wp-json\/wp\/v2\/types\/post"}],"author":[{"embeddable":true,"href":"https:\/\/hostnetart.com.br\/baixada\/wp-json\/wp\/v2\/users\/2"}],"replies":[{"embeddable":true,"href":"https:\/\/hostnetart.com.br\/baixada\/wp-json\/wp\/v2\/comments?post=11416"}],"version-history":[{"count":0,"href":"https:\/\/hostnetart.com.br\/baixada\/wp-json\/wp\/v2\/posts\/11416\/revisions"}],"wp:featuredmedia":[{"embeddable":true,"href":"https:\/\/hostnetart.com.br\/baixada\/wp-json\/wp\/v2\/media\/11414"}],"wp:attachment":[{"href":"https:\/\/hostnetart.com.br\/baixada\/wp-json\/wp\/v2\/media?parent=11416"}],"wp:term":[{"taxonomy":"category","embeddable":true,"href":"https:\/\/hostnetart.com.br\/baixada\/wp-json\/wp\/v2\/categories?post=11416"},{"taxonomy":"post_tag","embeddable":true,"href":"https:\/\/hostnetart.com.br\/baixada\/wp-json\/wp\/v2\/tags?post=11416"}],"curies":[{"name":"wp","href":"https:\/\/api.w.org\/{rel}","templated":true}]}}