{"id":11413,"date":"2021-09-01T13:38:16","date_gmt":"2021-09-01T16:38:16","guid":{"rendered":"https:\/\/hostnetart.com.br\/baixada\/desemprego-atinge-14-4-milhoes-trabalho-precario-cresce-renda-cai\/"},"modified":"2021-09-01T13:38:16","modified_gmt":"2021-09-01T16:38:16","slug":"desemprego-atinge-14-4-milhoes-trabalho-precario-cresce-renda-cai","status":"publish","type":"post","link":"https:\/\/hostnetart.com.br\/baixada\/desemprego-atinge-14-4-milhoes-trabalho-precario-cresce-renda-cai\/","title":{"rendered":"Desemprego atinge 14,4 milh\u00f5es. Trabalho prec\u00e1rio cresce. Renda cai"},"content":{"rendered":"<div class=\"the-content\">\n<p>A taxa de desemprego ficou em 14,1% no segundo trimestre de 2021. Apesar da leve queda (de 0,6 ponto percentual) em rela\u00e7\u00e3o ao trimestre anterior, o \u00edndice subiu 0,8 ponto sobre o mesmo per\u00edodo em 2020. A Pesquisa Nacional por Amostra de Domic\u00edlios, a Pnad cont\u00ednua,\u00a0<a href=\"https:\/\/agenciadenoticias.ibge.gov.br\/agencia-noticias\/2012-agencia-de-noticias\/noticias\/31480-desemprego-recua-para-14-1-no-2-tri-mas-ainda-atinge-14-4-milhoes-de-pessoas\" target=\"_blank\" rel=\"noopener noreferrer\">divulgada nesta ter\u00e7a-feira (31) pelo IBGE<\/a>, estima em 14,4 milh\u00f5es os brasileiros desempregados. Segundo o instituto, o pa\u00eds fechou o per\u00edodo de abril a junho com taxa m\u00e9dia de ocupa\u00e7\u00e3o de 49,6%. Portanto, menos da metade da popula\u00e7\u00e3o em idade para trabalhar tem uma ocupa\u00e7\u00e3o atualmente.<\/p>\n<div class=\"wp-block-image\">\n<figure class=\"aligncenter size-large\"><img decoding=\"async\" class=\"wp-image-514629 lazyloaded\" src=\"https:\/\/www.redebrasilatual.com.br\/wp-content\/uploads\/2021\/08\/pnad-continua-2021-1024x519.jpg\" sizes=\"(max-width: 1024px) 100vw, 1024px\" srcset=\"https:\/\/www.redebrasilatual.com.br\/wp-content\/uploads\/2021\/08\/pnad-continua-2021-1024x519.jpg 1024w, https:\/\/www.redebrasilatual.com.br\/wp-content\/uploads\/2021\/08\/pnad-continua-2021-360x182.jpg 360w, https:\/\/www.redebrasilatual.com.br\/wp-content\/uploads\/2021\/08\/pnad-continua-2021-768x389.jpg 768w, https:\/\/www.redebrasilatual.com.br\/wp-content\/uploads\/2021\/08\/pnad-continua-2021.jpg 1200w\" alt=\"pnad cont\u00ednua\" data-ll-status=\"loaded\" \/><figcaption>Evolu\u00e7\u00e3o da taxa de desocupa\u00e7\u00e3o segundo a Pnad cont\u00ednua. Fonte: IBGE<\/figcaption><\/figure>\n<\/div>\n<p>Entretanto, o\u00a0<a href=\"https:\/\/www.redebrasilatual.com.br\/trabalho\/2021\/05\/avanco-informalidade-futuro-economia-dieese\/\" target=\"_blank\" rel=\"noopener noreferrer\">trabalho informal<\/a>\u00a0aumentou mais do que o emprego com carteira assinada. H\u00e1 um ano eram 30,8 milh\u00f5es, enquanto agora s\u00e3o 35,6 milh\u00f5es. Essa forma de ocupa\u00e7\u00e3o (que inclui pessoas sem carteira e sem CNPJ) corresponde a 40,6% do total de ocupados, estimados em 87,8 milh\u00f5es pelo IBGE. Enquanto aumentou em quase 5 milh\u00f5es o n\u00famero de brasileiros na informalidade, o de pessoas com registro em carteira no setor privado ficou est\u00e1vel, 30,5 milh\u00f5es.<\/p>\n<h3>Pnad cont\u00ednua: subocupa\u00e7\u00e3o aumenta 34,4% e renda cai 6,6%<\/h3>\n<p>A pesquisa mostra ainda que os subocupados \u2013 aqueles que trabalham menos horas do que poderiam ou gostariam \u2013 alcan\u00e7ou o recorde de 7,5 milh\u00f5es de pessoas. Em rela\u00e7\u00e3o ao mesmo trimestre do ano anterior, quando havia no pa\u00eds 5,6 milh\u00f5es de pessoas subocupadas, o indicador subiu 34,4%. O contingente de pessoas subutilizadas, aquelas desocupadas, subocupadas por insufici\u00eancia de horas trabalhadas ou na for\u00e7a de trabalho potencial, foi de 32,2 milh\u00f5es.<\/p>\n<p>J\u00e1 o rendimento m\u00e9dio dos trabalhadores foi de R$ 2.515, um recuo de 6,6% em rela\u00e7\u00e3o ao mesmo trimestre do ano anterior, segundo a Pnad cont\u00ednua. A massa de rendimento real, que \u00e9 soma de todos os rendimentos dos trabalhadores, ficou est\u00e1vel, atingindo R$ 215,5 bilh\u00f5es.<\/p>\n<h3>Popula\u00e7\u00e3o do Brasil chega a 213,3 milh\u00f5es<\/h3>\n<p>O n\u00famero de habitantes no pa\u00eds chegou a 213,3 milh\u00f5es em 2021, segundo as Estimativas da Popula\u00e7\u00e3o divulgadas IBGE na sexta-feira (27).\u00a0<a href=\"https:\/\/agenciadenoticias.ibge.gov.br\/agencia-noticias\/2012-agencia-de-noticias\/noticias\/31458-populacao-estimada-do-pais-chega-a-213-3-milhoes-de-habitantes-em-2021\">O estudo leva em conta os 5.570 munic\u00edpios brasileiros<\/a>, e \u00e9 um dos par\u00e2metros utilizados pelo Tribunal de Contas da Uni\u00e3o (TCU) para o c\u00e1lculo do Fundo de Participa\u00e7\u00e3o de Estados e Munic\u00edpios, al\u00e9m de refer\u00eancia para indicadores sociais, econ\u00f4micos e demogr\u00e1ficos.<\/p>\n<p>O munic\u00edpio de S\u00e3o Paulo continua sendo o mais populoso do pa\u00eds, com 12,4 milh\u00f5es de habitantes, seguido por Rio de Janeiro (6,8 milh\u00f5es), Bras\u00edlia (3,1 milh\u00f5es), Salvador (2,9 milh\u00f5es) e Fortaleza (2,7 milh\u00f5es). Dos 17 munic\u00edpios do pa\u00eds com popula\u00e7\u00e3o superior a um milh\u00e3o de habitantes, 14 s\u00e3o capitais. Esse grupo concentra 21,9% da popula\u00e7\u00e3o ou 46,7 milh\u00f5es de pessoas.<\/p>\n<p>Com apenas 771 habitantes, Serra da Saudade (MG) \u00e9 a cidade brasileira com menor popula\u00e7\u00e3o. Outras tr\u00eas tamb\u00e9m t\u00eam menos de mil habitantes: Bor\u00e1 (SP), com 839 habitantes, Araguainha (MT), com 909, e Engenho Velho (RS), com 932 moradores.<\/p>\n<div class=\"wp-block-image\">\n<figure class=\"aligncenter size-large\"><img decoding=\"async\" class=\"wp-image-514642 lazyloaded\" src=\"https:\/\/www.redebrasilatual.com.br\/wp-content\/uploads\/2021\/08\/populacao-2021-607x1024.jpg\" sizes=\"(max-width: 607px) 100vw, 607px\" srcset=\"https:\/\/www.redebrasilatual.com.br\/wp-content\/uploads\/2021\/08\/populacao-2021-607x1024.jpg 607w, https:\/\/www.redebrasilatual.com.br\/wp-content\/uploads\/2021\/08\/populacao-2021-213x360.jpg 213w, https:\/\/www.redebrasilatual.com.br\/wp-content\/uploads\/2021\/08\/populacao-2021-768x1295.jpg 768w, https:\/\/www.redebrasilatual.com.br\/wp-content\/uploads\/2021\/08\/populacao-2021-911x1536.jpg 911w, https:\/\/www.redebrasilatual.com.br\/wp-content\/uploads\/2021\/08\/populacao-2021.jpg 1200w\" alt=\"popula\u00e7\u00e3o do brasil\" data-ll-status=\"loaded\" \/><\/figure>\n<\/div>\n<p>\u00a0<\/p>\n<div class=\"widget-area-after-single-content\">\u00a0<\/div>\n<\/div>\n<div class=\"column large-12 small-12 no-padding\">\n<div class=\"post-content--tags\">\n<div class=\"post-content--section-title fz-14 mr-15\"><strong>Fonte: Contraf-CUT<\/strong><\/div>\n<\/div>\n<\/div>\n","protected":false},"excerpt":{"rendered":"<p>A taxa de desemprego ficou em 14,1% no segundo trimestre de 2021. Apesar da leve queda (de 0,6 ponto percentual) em rela\u00e7\u00e3o ao trimestre anterior, o \u00edndice subiu 0,8 ponto sobre o mesmo per\u00edodo em 2020. A Pesquisa Nacional por Amostra de Domic\u00edlios, a Pnad cont\u00ednua,\u00a0divulgada nesta ter\u00e7a-feira (31) pelo IBGE, estima em 14,4 milh\u00f5es [&hellip;]<\/p>\n","protected":false},"author":2,"featured_media":11412,"comment_status":"","ping_status":"","sticky":false,"template":"","format":"standard","meta":{"footnotes":""},"categories":[3],"tags":[],"class_list":["post-11413","post","type-post","status-publish","format-standard","has-post-thumbnail","hentry","category-noticias"],"_links":{"self":[{"href":"https:\/\/hostnetart.com.br\/baixada\/wp-json\/wp\/v2\/posts\/11413","targetHints":{"allow":["GET"]}}],"collection":[{"href":"https:\/\/hostnetart.com.br\/baixada\/wp-json\/wp\/v2\/posts"}],"about":[{"href":"https:\/\/hostnetart.com.br\/baixada\/wp-json\/wp\/v2\/types\/post"}],"author":[{"embeddable":true,"href":"https:\/\/hostnetart.com.br\/baixada\/wp-json\/wp\/v2\/users\/2"}],"replies":[{"embeddable":true,"href":"https:\/\/hostnetart.com.br\/baixada\/wp-json\/wp\/v2\/comments?post=11413"}],"version-history":[{"count":0,"href":"https:\/\/hostnetart.com.br\/baixada\/wp-json\/wp\/v2\/posts\/11413\/revisions"}],"wp:featuredmedia":[{"embeddable":true,"href":"https:\/\/hostnetart.com.br\/baixada\/wp-json\/wp\/v2\/media\/11412"}],"wp:attachment":[{"href":"https:\/\/hostnetart.com.br\/baixada\/wp-json\/wp\/v2\/media?parent=11413"}],"wp:term":[{"taxonomy":"category","embeddable":true,"href":"https:\/\/hostnetart.com.br\/baixada\/wp-json\/wp\/v2\/categories?post=11413"},{"taxonomy":"post_tag","embeddable":true,"href":"https:\/\/hostnetart.com.br\/baixada\/wp-json\/wp\/v2\/tags?post=11413"}],"curies":[{"name":"wp","href":"https:\/\/api.w.org\/{rel}","templated":true}]}}