{"id":11401,"date":"2021-08-30T03:30:42","date_gmt":"2021-08-30T06:30:42","guid":{"rendered":"https:\/\/hostnetart.com.br\/baixada\/live-do-dia-dos-bancarios-e-sucesso-de-publico-na-internet-e-mobiliza-a-categoria\/"},"modified":"2021-08-30T03:30:42","modified_gmt":"2021-08-30T06:30:42","slug":"live-do-dia-dos-bancarios-e-sucesso-de-publico-na-internet-e-mobiliza-a-categoria","status":"publish","type":"post","link":"https:\/\/hostnetart.com.br\/baixada\/live-do-dia-dos-bancarios-e-sucesso-de-publico-na-internet-e-mobiliza-a-categoria\/","title":{"rendered":"Live do Dia dos Banc\u00e1rios \u00e9 sucesso de p\u00fablico na internet e mobiliza a categoria"},"content":{"rendered":"<div class=\"kvgmc6g5 cxmmr5t8 oygrvhab hcukyx3x c1et5uql ii04i59q\">A super Live que o Sindicato dos Banc\u00e1rios da Baixada Fluminense e Federa\u00e7\u00e3o dos Trabalhadores do Ramo Financeiro dos Estados do Rio de Janeiro e Esp\u00edrito Santo (Fetraf RJ\/ES) promoveram neste \u00faltimo s\u00e1bado, 28 de agosto, para comemorar o\u00a0Dia da Banc\u00e1ria e do Banc\u00e1rio, foi um sucesso.\u00a0Foram aproximadamente, quatro mil visualiza\u00e7\u00f5es pelo\u00a0YouTube.<\/div>\n<div class=\"o9v6fnle cxmmr5t8 oygrvhab hcukyx3x c1et5uql ii04i59q\">\n<div dir=\"auto\">\u00a0<\/div>\n<div dir=\"auto\">O evento, que mobilizou a categoria banc\u00e1ria e foi transmitido pelo\u00a0canal do YouTube da Fetraf RJ\/ES, contou com a participa\u00e7\u00e3o do Grupo Revela\u00e7\u00e3o, do carism\u00e1tico Pitoco e sua madrinha, que falou sobre inclus\u00e3o e sobre a Semana Nacional da Pessoa com Defici\u00eancia, al\u00e9m de atra\u00e7\u00f5es como\u00a0Nai Dias, Grupo Nossa Senhora do Samba, Til Nogueira e \u201cBanda Novos Tempos\u201d e Marcelo Garcia (flautista e violinista).<\/div>\n<div dir=\"auto\">\u00a0<\/div>\n<div dir=\"auto\">O Sindicato tamb\u00e9m sorteou diversos pr\u00eamios para as banc\u00e1rias e os banc\u00e1rios sindicalizados, atrav\u00e9s de transmiss\u00e3o ao vivo pelo Instagram, diretamente pela live e tamb\u00e9m na sede da entidade, em Duque de Caxias. Os trabalhadores sorteados j\u00e1 est\u00e3o sendo contatados e come\u00e7aram a receber seus pr\u00eamios em m\u00e3os. A lista com os nomes de todos os ganhadores ser\u00e1 divulgada ainda esta semana.<\/div>\n<div dir=\"auto\">\u00a0\u00a0<\/div>\n<div dir=\"auto\">Para assistir novamente a Live, acesse o link:\u00a0<a href=\"https:\/\/www.youtube.com\/channel\/UC6lOJJMspXElPTQykUDrY3A\">https:\/\/www.youtube.com\/channel\/UC6lOJJMspXElPTQykUDrY3A<\/a><\/div>\n<div dir=\"auto\">\u00a0<\/div>\n<div dir=\"auto\">\u00a0<\/div>\n<div dir=\"auto\">\n<p>\u00a0<\/p>\n<\/div>\n<\/div>\n","protected":false},"excerpt":{"rendered":"<p>A super Live que o Sindicato dos Banc\u00e1rios da Baixada Fluminense e Federa\u00e7\u00e3o dos Trabalhadores do Ramo Financeiro dos Estados do Rio de Janeiro e Esp\u00edrito Santo (Fetraf RJ\/ES) promoveram neste \u00faltimo s\u00e1bado, 28 de agosto, para comemorar o\u00a0Dia da Banc\u00e1ria e do Banc\u00e1rio, foi um sucesso.\u00a0Foram aproximadamente, quatro mil visualiza\u00e7\u00f5es pelo\u00a0YouTube. \u00a0 O evento, [&hellip;]<\/p>\n","protected":false},"author":2,"featured_media":11400,"comment_status":"","ping_status":"","sticky":false,"template":"","format":"standard","meta":{"footnotes":""},"categories":[3],"tags":[],"class_list":["post-11401","post","type-post","status-publish","format-standard","has-post-thumbnail","hentry","category-noticias"],"_links":{"self":[{"href":"https:\/\/hostnetart.com.br\/baixada\/wp-json\/wp\/v2\/posts\/11401","targetHints":{"allow":["GET"]}}],"collection":[{"href":"https:\/\/hostnetart.com.br\/baixada\/wp-json\/wp\/v2\/posts"}],"about":[{"href":"https:\/\/hostnetart.com.br\/baixada\/wp-json\/wp\/v2\/types\/post"}],"author":[{"embeddable":true,"href":"https:\/\/hostnetart.com.br\/baixada\/wp-json\/wp\/v2\/users\/2"}],"replies":[{"embeddable":true,"href":"https:\/\/hostnetart.com.br\/baixada\/wp-json\/wp\/v2\/comments?post=11401"}],"version-history":[{"count":0,"href":"https:\/\/hostnetart.com.br\/baixada\/wp-json\/wp\/v2\/posts\/11401\/revisions"}],"wp:featuredmedia":[{"embeddable":true,"href":"https:\/\/hostnetart.com.br\/baixada\/wp-json\/wp\/v2\/media\/11400"}],"wp:attachment":[{"href":"https:\/\/hostnetart.com.br\/baixada\/wp-json\/wp\/v2\/media?parent=11401"}],"wp:term":[{"taxonomy":"category","embeddable":true,"href":"https:\/\/hostnetart.com.br\/baixada\/wp-json\/wp\/v2\/categories?post=11401"},{"taxonomy":"post_tag","embeddable":true,"href":"https:\/\/hostnetart.com.br\/baixada\/wp-json\/wp\/v2\/tags?post=11401"}],"curies":[{"name":"wp","href":"https:\/\/api.w.org\/{rel}","templated":true}]}}