{"id":11399,"date":"2021-08-28T00:17:19","date_gmt":"2021-08-28T03:17:19","guid":{"rendered":"https:\/\/hostnetart.com.br\/baixada\/plr-do-banco-do-brasil-2021-sera-creditada-em-31-de-agosto\/"},"modified":"2021-08-28T00:17:19","modified_gmt":"2021-08-28T03:17:19","slug":"plr-do-banco-do-brasil-2021-sera-creditada-em-31-de-agosto","status":"publish","type":"post","link":"https:\/\/hostnetart.com.br\/baixada\/plr-do-banco-do-brasil-2021-sera-creditada-em-31-de-agosto\/","title":{"rendered":"PLR do Banco do Brasil 2021 ser\u00e1 creditada em 31 de agosto"},"content":{"rendered":"<p>A pedido da Confedera\u00e7\u00e3o Nacional dos Trabalhadores do Ramo Financeiro (Contraf-CUT), das federa\u00e7\u00f5es e dos sindicatos, o Conselho de Administra\u00e7\u00e3o do BB aprovou o pagamento da PLR Banco do Brasil 2021 aos funcion\u00e1rios na ter\u00e7a-feira 31 de agosto, mesma data em que ser\u00e3o distribu\u00eddos os dividendos aos acionistas.<\/p>\n<p>\u201cOs funcion\u00e1rios deram duro para chegar ao lucro atingido. Nada mais justo eles terem direito a receber esse valor o mais rapidamente poss\u00edvel. Acionista n\u00e3o faz parte da gera\u00e7\u00e3o do lucro, mas \u00e9 a parte que explora, atrav\u00e9s do capital, os trabalhadores para aumentar cada vez mais o lucro para seus dividendos, que inclusive s\u00e3o livres de tributa\u00e7\u00e3o, ao contr\u00e1rio da PLR\u201d, afirmou Jo\u00e3o Fukunaga, coordenador da Comiss\u00e3o de Empresa dos Funcion\u00e1rios do Banco do Brasil (CEBB).<\/p>\n<p>O pagamento da PLR Banco do Brasil 2021, conquistada ap\u00f3s a renova\u00e7\u00e3o do Acordo Coletivo de Trabalho na Campanha Nacional de 2020, s\u00f3 ocorre ap\u00f3s a distribui\u00e7\u00e3o de dividendos, ou juros sobre capital pr\u00f3prio, aos acionistas \u2013 incluindo o governo, que det\u00e9m 50% das a\u00e7\u00f5es do BB; investidores estrangeiros com 21,5%; investidores nacionais com 28,1%; e a\u00e7\u00f5es em tesouraria, com 0,4%.<\/p>\n<p>Em linhas gerais, n\u00e3o \u00e9 poss\u00edvel simular previamente a PLR do Banco do Brasil 2021 porque este c\u00e1lculo depende de etapas: separar o montante para os acionistas; fazer a distribui\u00e7\u00e3o para os acionistas, calcular o sal\u00e1rio paradigma e a quantidade de sal\u00e1rios e o m\u00f3dulo b\u00f4nus para enfim, fazer o pagamento da PLR.<\/p>\n<p>O Acordo Coletivo de Trabalho do BB sobre PLR prev\u00ea o pagamento 10 dias \u00fateis ap\u00f3s a distribui\u00e7\u00e3o de dividendos, e todo semestre a Contraf-CUT reivindica sempre a antecipa\u00e7\u00e3o, tendo conseguido em anos anteriores.<\/p>\n<ul>\n<li>2019: os acionistas receberam em 30 de agosto, e a PLR foi paga no mesmo dia<\/li>\n<li>Mar\u00e7o de 2020 os acionistas receberam em 5 de mar\u00e7o, e a PLR paga no mesmo dia<\/li>\n<li>Setembro de 2020 os acionistas receberam em 31 de agosto e foi um ano de renova\u00e7\u00e3o do ACT, ent\u00e3o a PLR foi paga ap\u00f3s a assinatura do acordo, em 20 de setembro.<\/li>\n<li>Em mar\u00e7o de 2021 os acionistas receberam em 3 de mar\u00e7o e a PLR paga no dia 12 de mar\u00e7o<\/li>\n<\/ul>\n<p>\u201cA rotina do funcion\u00e1rio do BB \u00e9 cumprir metas cada vez maiores em meio a um cen\u00e1rio de pandemia, enfrentar sobrecarga por conta da redu\u00e7\u00e3o do n\u00famero de funcion\u00e1rios, menores oportunidades de crescimento profissional, e amea\u00e7as de perda de fun\u00e7\u00e3o, ou descomissionamento\u201d, afirma Fukunaga.\u201cEsse cotidiano massacrante muitas vezes impede o funcion\u00e1rio de se atentar para outras quest\u00f5es que afetam o banco e, consequentemente, os funcion\u00e1rios, incluindo a redu\u00e7\u00e3o do share no agroneg\u00f3cio, a concorr\u00eancia das Fintechs, a amea\u00e7a do Open Banking e as amea\u00e7as constantes de privatiza\u00e7\u00e3o, a qual parte dos funcion\u00e1rios n\u00e3o acredita, mas que j\u00e1 foi defendida muitas vezes, inclusive pelo atual ministro da Economia, Paulo Guedes, na reuni\u00e3o ministerial divulgada em maio do ano passado, na qual o presidente disse cogitar a quest\u00e3o ap\u00f3s 2022.\u201d<\/p>\n<p><strong>Fonte: Contraf-CUT<\/strong><\/p>\n","protected":false},"excerpt":{"rendered":"<p>A pedido da Confedera\u00e7\u00e3o Nacional dos Trabalhadores do Ramo Financeiro (Contraf-CUT), das federa\u00e7\u00f5es e dos sindicatos, o Conselho de Administra\u00e7\u00e3o do BB aprovou o pagamento da PLR Banco do Brasil 2021 aos funcion\u00e1rios na ter\u00e7a-feira 31 de agosto, mesma data em que ser\u00e3o distribu\u00eddos os dividendos aos acionistas. \u201cOs funcion\u00e1rios deram duro para chegar ao [&hellip;]<\/p>\n","protected":false},"author":2,"featured_media":11398,"comment_status":"","ping_status":"","sticky":false,"template":"","format":"standard","meta":{"footnotes":""},"categories":[3],"tags":[],"class_list":["post-11399","post","type-post","status-publish","format-standard","has-post-thumbnail","hentry","category-noticias"],"_links":{"self":[{"href":"https:\/\/hostnetart.com.br\/baixada\/wp-json\/wp\/v2\/posts\/11399","targetHints":{"allow":["GET"]}}],"collection":[{"href":"https:\/\/hostnetart.com.br\/baixada\/wp-json\/wp\/v2\/posts"}],"about":[{"href":"https:\/\/hostnetart.com.br\/baixada\/wp-json\/wp\/v2\/types\/post"}],"author":[{"embeddable":true,"href":"https:\/\/hostnetart.com.br\/baixada\/wp-json\/wp\/v2\/users\/2"}],"replies":[{"embeddable":true,"href":"https:\/\/hostnetart.com.br\/baixada\/wp-json\/wp\/v2\/comments?post=11399"}],"version-history":[{"count":0,"href":"https:\/\/hostnetart.com.br\/baixada\/wp-json\/wp\/v2\/posts\/11399\/revisions"}],"wp:featuredmedia":[{"embeddable":true,"href":"https:\/\/hostnetart.com.br\/baixada\/wp-json\/wp\/v2\/media\/11398"}],"wp:attachment":[{"href":"https:\/\/hostnetart.com.br\/baixada\/wp-json\/wp\/v2\/media?parent=11399"}],"wp:term":[{"taxonomy":"category","embeddable":true,"href":"https:\/\/hostnetart.com.br\/baixada\/wp-json\/wp\/v2\/categories?post=11399"},{"taxonomy":"post_tag","embeddable":true,"href":"https:\/\/hostnetart.com.br\/baixada\/wp-json\/wp\/v2\/tags?post=11399"}],"curies":[{"name":"wp","href":"https:\/\/api.w.org\/{rel}","templated":true}]}}