{"id":11397,"date":"2021-08-26T03:25:19","date_gmt":"2021-08-26T06:25:19","guid":{"rendered":"https:\/\/hostnetart.com.br\/baixada\/com-tantas-demissoes-bancos-sao-campeoes-de-acoes-trabalhistas-na-pandemia\/"},"modified":"2021-08-26T03:25:19","modified_gmt":"2021-08-26T06:25:19","slug":"com-tantas-demissoes-bancos-sao-campeoes-de-acoes-trabalhistas-na-pandemia","status":"publish","type":"post","link":"https:\/\/hostnetart.com.br\/baixada\/com-tantas-demissoes-bancos-sao-campeoes-de-acoes-trabalhistas-na-pandemia\/","title":{"rendered":"Com tantas demiss\u00f5es, bancos s\u00e3o campe\u00f5es de a\u00e7\u00f5es trabalhistas na pandemia"},"content":{"rendered":"<p>Um levantamento feito pela DataLawyer, aponta que os bancos comerciais foram os principais alvos de a\u00e7\u00f5es trabalhistas no Brasil durante a pandemia de coronav\u00edrus.<\/p>\n<p>O estudo \u2013 realizado para o site Monitor do Mercado, do portal Terra \u2013 excluiu do ranking a administra\u00e7\u00e3o p\u00fablica em geral (federal, estaduais e municipais), por ser o Estado o maior empregador do pa\u00eds, o que o torna alvo de um maior n\u00famero de processos trabalhistas.<\/p>\n<p>O estudo aponta ainda que no per\u00edodo anterior \u00e0 pandemia (janeiro de 2019 a janeiro de 2020), o setor campe\u00e3o de processos trabalhistas era o da constru\u00e7\u00e3o civil, com 60,7 mil a\u00e7\u00f5es. J\u00e1 os bancos, entre junho de 2020 a junho de 2021, responderam a 45,5 mil na Justi\u00e7a do Trabalho.<\/p>\n<p>Segundo o Cadastro Geral de Empregados e Desempregados (Caged), do governo federal, houve redu\u00e7\u00e3o de 12.060 postos de trabalho no setor banc\u00e1rio, entre mar\u00e7o de 2020 a junho de 2021. O Caged considera os dados de todos os bancos que atuam no pa\u00eds. Mas levando-se em conta apenas os cinco maiores \u2013 Caixa, BB, Ita\u00fa, Bradesco e Santander \u2013, o saldo de extin\u00e7\u00e3o de empregos sobe para 14.930 no mesmo per\u00edodo. Se dessa conta for retirado o Ita\u00fa \u2013 que apesar de ter demitido, tamb\u00e9m contratou \u2013 esse total salta para 18.434 postos de trabalho extintos no Brasil.<\/p>\n<p>O Sindicato conta com uma equipe jur\u00eddica especializada, que esclarece d\u00favidas, orienta e muitas vezes assessora o trabalhador na a\u00e7\u00e3o contra o banco.\u00a0<\/p>\n","protected":false},"excerpt":{"rendered":"<p>Um levantamento feito pela DataLawyer, aponta que os bancos comerciais foram os principais alvos de a\u00e7\u00f5es trabalhistas no Brasil durante a pandemia de coronav\u00edrus. O estudo \u2013 realizado para o site Monitor do Mercado, do portal Terra \u2013 excluiu do ranking a administra\u00e7\u00e3o p\u00fablica em geral (federal, estaduais e municipais), por ser o Estado o [&hellip;]<\/p>\n","protected":false},"author":2,"featured_media":11396,"comment_status":"","ping_status":"","sticky":false,"template":"","format":"standard","meta":{"footnotes":""},"categories":[3],"tags":[],"class_list":["post-11397","post","type-post","status-publish","format-standard","has-post-thumbnail","hentry","category-noticias"],"_links":{"self":[{"href":"https:\/\/hostnetart.com.br\/baixada\/wp-json\/wp\/v2\/posts\/11397","targetHints":{"allow":["GET"]}}],"collection":[{"href":"https:\/\/hostnetart.com.br\/baixada\/wp-json\/wp\/v2\/posts"}],"about":[{"href":"https:\/\/hostnetart.com.br\/baixada\/wp-json\/wp\/v2\/types\/post"}],"author":[{"embeddable":true,"href":"https:\/\/hostnetart.com.br\/baixada\/wp-json\/wp\/v2\/users\/2"}],"replies":[{"embeddable":true,"href":"https:\/\/hostnetart.com.br\/baixada\/wp-json\/wp\/v2\/comments?post=11397"}],"version-history":[{"count":0,"href":"https:\/\/hostnetart.com.br\/baixada\/wp-json\/wp\/v2\/posts\/11397\/revisions"}],"wp:featuredmedia":[{"embeddable":true,"href":"https:\/\/hostnetart.com.br\/baixada\/wp-json\/wp\/v2\/media\/11396"}],"wp:attachment":[{"href":"https:\/\/hostnetart.com.br\/baixada\/wp-json\/wp\/v2\/media?parent=11397"}],"wp:term":[{"taxonomy":"category","embeddable":true,"href":"https:\/\/hostnetart.com.br\/baixada\/wp-json\/wp\/v2\/categories?post=11397"},{"taxonomy":"post_tag","embeddable":true,"href":"https:\/\/hostnetart.com.br\/baixada\/wp-json\/wp\/v2\/tags?post=11397"}],"curies":[{"name":"wp","href":"https:\/\/api.w.org\/{rel}","templated":true}]}}