{"id":11391,"date":"2021-08-25T18:09:40","date_gmt":"2021-08-25T21:09:40","guid":{"rendered":"https:\/\/hostnetart.com.br\/baixada\/live-debate-lutas-dos-bancarios-e-da-cut\/"},"modified":"2021-08-25T18:09:40","modified_gmt":"2021-08-25T21:09:40","slug":"live-debate-lutas-dos-bancarios-e-da-cut","status":"publish","type":"post","link":"https:\/\/hostnetart.com.br\/baixada\/live-debate-lutas-dos-bancarios-e-da-cut\/","title":{"rendered":"Live debate lutas dos banc\u00e1rios e da CUT"},"content":{"rendered":"<p>A presidenta da Confedera\u00e7\u00e3o Nacional dos Trabalhadores do Ramo Financeiro (Contraf-CUT), Juvandia Moreira, participou nesta quarta-feira (25) de uma live sobre o Dia do Banc\u00e1rio e da Banc\u00e1ria, comemorado no s\u00e1bado (28). A data tamb\u00e9m marca o 38\u00ba anivers\u00e1rio de funda\u00e7\u00e3o da Central \u00danica dos Trabalhadores (CUT). Um dos ex-presidentes da CUT, o atual deputado federal Vicente Paulo da Silva (PT-SP), o Vicentinho, tamb\u00e9m participou da live Quarta-Sindical, produ\u00e7\u00e3o da CUT-Paran\u00e1 e do jornal Brasil de Fato.<\/p>\n<p>Juvandia come\u00e7ou sua fala lembrando que a data foi o in\u00edcio de uma greve hist\u00f3rica da categoria banc\u00e1ria, com 69 dias de paralisa\u00e7\u00e3o e que terminou com o reajuste de 30%. \u201c\u00c9 bom que esse dia seja tamb\u00e9m o dia do anivers\u00e1rio da CUT. As lutas de nossa categoria renderam muitos frutos, como a mesa \u00fanica de negocia\u00e7\u00e3o, que garante aumento real e permite que o banc\u00e1rio, no Acre ou em S\u00e3o Paulo tenha um mesmo piso salarial\u201d, disse a presidenta da Contraf-CUT.<\/p>\n<p>\u201cA CUT \u00e9 instrumento de luta e a categoria banc\u00e1ria tamb\u00e9m fez parte dessa organiza\u00e7\u00e3o. A unidade que a categoria construiu ao longo dos anos, temos tamb\u00e9m na CUT. \u00c9 a express\u00e3o da forte organiza\u00e7\u00e3o da classe trabalhadora. A gente junta tudo e essa \u00e9 a beleza e a riqueza da CUT, juntar todas as categorias e lutar pela democracia. Temos a presen\u00e7a dos banc\u00e1rios e banc\u00e1rias com todas as categorias\u201d, afirmou Juvandia. A presidenta da Contraf tamb\u00e9m ressaltou o que chamou de \u201csindicato cidad\u00e3o\u201d, com as entidades sindicais tendo que, atualmente, terem uma atua\u00e7\u00e3o que ultrapasse os limites corporativos, da categoria, para a\u00e7\u00f5es de \u00e2mbito mais social. \u201cPrecisamos tamb\u00e9m melhorar o pa\u00eds, a cidade e os estado onde vivemos. Precisamos agir se o transporte p\u00fablico \u00e9 ruim, por exemplo. Esse tamb\u00e9m \u00e9 o papel da CUT\u201d, destacou.<\/p>\n<p>O deputado federal Vicentinho tamb\u00e9m foi presidente nacional da CUT por dois mandatos, a partir de 1994. \u201cParticipei da funda\u00e7\u00e3o da CUT. Em 1983, quando a CUT foi fundada, est\u00e1vamos cassados pela ditadura por realizarmos uma greve em solidariedade aos petroleiros, que tamb\u00e9m estavam em greve\u201d, lembrou o parlamentar. Vicentinho lembrou que a CUT \u00e9 a quinta maior central sindical do mundo e a maior do pa\u00eds. \u201cE os banc\u00e1rios sempre estiveram presentes nessa luta\u201d, ressaltou o deputado.<\/p>\n<p>A live Quarta sindical teve a media\u00e7\u00e3o do presidente da CUT do Paran\u00e1, M\u00e1rcio Kieller e da jornalista Ana Carolina Caldas, do jornal Brasil de Fato. Tamb\u00e9m participaram o presidente da Federa\u00e7\u00e3o dos banc\u00e1rios do Paran\u00e1 (Fetec-CUT\/PR), Deonisio Schmidt, e do presidente do Sindicato dos Banc\u00e1rios de Curitiba, Antonio Luiz Fermino.<\/p>\n<p>Para ver a \u00edntegra do programa,\u00a0<a href=\"https:\/\/www.facebook.com\/CUTdoParana\/videos\/583061896028925\">clique aqui<\/a>.<\/p>\n<p><strong>Fonte: Contraf-CUT<\/strong><\/p>\n","protected":false},"excerpt":{"rendered":"<p>A presidenta da Confedera\u00e7\u00e3o Nacional dos Trabalhadores do Ramo Financeiro (Contraf-CUT), Juvandia Moreira, participou nesta quarta-feira (25) de uma live sobre o Dia do Banc\u00e1rio e da Banc\u00e1ria, comemorado no s\u00e1bado (28). A data tamb\u00e9m marca o 38\u00ba anivers\u00e1rio de funda\u00e7\u00e3o da Central \u00danica dos Trabalhadores (CUT). Um dos ex-presidentes da CUT, o atual deputado [&hellip;]<\/p>\n","protected":false},"author":2,"featured_media":11390,"comment_status":"","ping_status":"","sticky":false,"template":"","format":"standard","meta":{"footnotes":""},"categories":[3],"tags":[],"class_list":["post-11391","post","type-post","status-publish","format-standard","has-post-thumbnail","hentry","category-noticias"],"_links":{"self":[{"href":"https:\/\/hostnetart.com.br\/baixada\/wp-json\/wp\/v2\/posts\/11391","targetHints":{"allow":["GET"]}}],"collection":[{"href":"https:\/\/hostnetart.com.br\/baixada\/wp-json\/wp\/v2\/posts"}],"about":[{"href":"https:\/\/hostnetart.com.br\/baixada\/wp-json\/wp\/v2\/types\/post"}],"author":[{"embeddable":true,"href":"https:\/\/hostnetart.com.br\/baixada\/wp-json\/wp\/v2\/users\/2"}],"replies":[{"embeddable":true,"href":"https:\/\/hostnetart.com.br\/baixada\/wp-json\/wp\/v2\/comments?post=11391"}],"version-history":[{"count":0,"href":"https:\/\/hostnetart.com.br\/baixada\/wp-json\/wp\/v2\/posts\/11391\/revisions"}],"wp:featuredmedia":[{"embeddable":true,"href":"https:\/\/hostnetart.com.br\/baixada\/wp-json\/wp\/v2\/media\/11390"}],"wp:attachment":[{"href":"https:\/\/hostnetart.com.br\/baixada\/wp-json\/wp\/v2\/media?parent=11391"}],"wp:term":[{"taxonomy":"category","embeddable":true,"href":"https:\/\/hostnetart.com.br\/baixada\/wp-json\/wp\/v2\/categories?post=11391"},{"taxonomy":"post_tag","embeddable":true,"href":"https:\/\/hostnetart.com.br\/baixada\/wp-json\/wp\/v2\/tags?post=11391"}],"curies":[{"name":"wp","href":"https:\/\/api.w.org\/{rel}","templated":true}]}}