{"id":11387,"date":"2021-08-25T14:56:27","date_gmt":"2021-08-25T17:56:27","guid":{"rendered":"https:\/\/hostnetart.com.br\/baixada\/desafios-para-os-trabalhadores-no-segundo-semestre\/"},"modified":"2021-08-25T14:56:27","modified_gmt":"2021-08-25T17:56:27","slug":"desafios-para-os-trabalhadores-no-segundo-semestre","status":"publish","type":"post","link":"https:\/\/hostnetart.com.br\/baixada\/desafios-para-os-trabalhadores-no-segundo-semestre\/","title":{"rendered":"Desafios para os trabalhadores no segundo semestre"},"content":{"rendered":"<p>Desemprego, informalidade e infla\u00e7\u00e3o s\u00e3o os pesadelos da popula\u00e7\u00e3o brasileira nesse segundo semestre de 2020 e foram debatidos na reuni\u00e3o da Executiva da Confedera\u00e7\u00e3o Nacional dos Trabalhadores do Ramo Financeiro (Contraf-CUT), realizada nesta ter\u00e7a-feira (24). A discuss\u00e3o foi feita com base em dados do Instituto Brasileiro de Geografia e Estat\u00edstica (IBGE) e estudos feitos pelo Departamento Intersindical e Estat\u00edsticas e Estudos Socioecon\u00f4micos (Dieese).<\/p>\n<p>\u201cN\u00e3o existe perspectiva de crescimento neste governo porque Bolsonaro n\u00e3o est\u00e1 fazendo investimento nenhum. Essa situa\u00e7\u00e3o n\u00e3o muda sozinha. Se tivesse comprado vacina antes, teria evitado essa queda. Evitaria as mortes e tamb\u00e9m essa queda do PIB. Bolsonaro dizia que a gente teria de escolher entre a vida e a economia, N\u00e3o tem nada a ver. Ficou claro que salvando as pessoas, estar\u00edamos salvando a economia. Se nao salvar as pessoas e seus rendimentos, a economia vai para o buraco\u201d, afirmou a presidenta da Contraf-CUT, Juvandia Moreira. O cen\u00e1rio apresentado na reuni\u00e3o \u00e9 desanimador. Com o Produto Interno Bruto (PIB) estagnado, queda nas vendas no varejo e da renda da popula\u00e7\u00e3o, a crise est\u00e1 escancarada.<\/p>\n<p>O PIB sofreu em 2020 a maior queda dos \u00faltimos anos: uma redu\u00e7\u00e3o de 4,1% em rela\u00e7\u00e3o a 2019, de acordo com dados do Banco Central. No primeiro semestre deste ano, O PIB cresceu apenas 1,2% e revela uma economia estagnada. Os setores econ\u00f4micos que mais geram empregos, o setor de servi\u00e7os e industrial ficaram na estagna\u00e7\u00e3o. Servi\u00e7os registrou crescimento de 0,4% e ind\u00fastria cresceu 0,7% nos tr\u00eas primeiros meses deste ano. Os n\u00fameros s\u00e3o do IBGE. A renda real mensal dos trabalhadores, de acordo com o IBGE, teve uma queda de R$ 18,6 bilh\u00f5es ao m\u00eas.<\/p>\n<p><strong>Desemprego<\/strong><\/p>\n<p>O quadro cr\u00edtico se escancara quando se trata de emprego. A crise econ\u00f4mica que se acentuou com a pandemia teve como saldo a redu\u00e7\u00e3o de 10 milh\u00f5es de postos de trabalho em afinal de 2020. Nos tr\u00eas primeiros meses de 2021 eram 14,8 milh\u00f5es de pessoas desempregadas. \u201cO n\u00famero de pessoas desempregadas s\u00f3 aumenta a cada trimestre. A taxa de desocupa\u00e7\u00e3o, de 14,6%, ficou no maior patamar hist\u00f3rico do IBGE\u201d, destacou o economista Gustavo Cavarzan, do Dieese.<\/p>\n<p>De acordo com dados do IBGE, 36,5 milh\u00f5es de trabalhadores formais, com carteira assinada, estavam empregados em 2014, o maior n\u00famero da s\u00e9rie hist\u00f3rica. A crise que se acentuou em 2020 com a pandemia jogou esse \u00edndice para 29 milh\u00f5es no final do ano, o menor \u00edndice registrado pelo IBGE. No 1\u00batrimestre deste ano, o contingente registrou uma leva alta e foi para 29,7 milh\u00f5es.<\/p>\n<p><strong>Informais, as maiores v\u00edtimas<\/strong><\/p>\n<p>J\u00e1 o n\u00famero de trabalhadores sem carteira assinada vinha aumentando gradualmente nos governos Temer e Bolsonaro. Ao final de 2019 atingia o maior contingente, de 11,8 milh\u00f5es de trabalhadores informais. Em 2020, no entanto, vem a queda abrupta e o \u00edndice dos informais empregados despenca para 8,7 milh\u00f5es. No come\u00e7o deste ano, a recupera\u00e7\u00e3o \u00e9 pequena, indo para 9,8 milh\u00f5es de trabalhadores informais empregados. \u201cAs maiores v\u00edtimas do desemprego s\u00e3o os empregados sem careira assinada. Estes sofreram a crise de forma intensa. Em 2021 nem o emprego prec\u00e1rio foi capaz de absorver as pessoas no mercado de trabalho\u201d, ressaltou o economista do Dieese.<\/p>\n<p><strong>Infla\u00e7\u00e3o brutal<\/strong><\/p>\n<p>A gravidade aumenta quando \u00e9 feita a combina\u00e7\u00e3o de desemprego, estagna\u00e7\u00e3o econ\u00f4mica e infla\u00e7\u00e3o, outro fantasma que aterroriza a popula\u00e7\u00e3o e os trabalhadores. Nos sete primeiros meses de 2021, a infla\u00e7\u00e3o dobrou. Em janeiro, o \u00cdndice Nacional de Pre\u00e7os ao Consumidor (INPC) era de 5,53%. Em julho, passou para 9,85%. Os dados s\u00e3o do IBGE e do Banco Central, elaborados pelo Dieese. Para agosto, a estimativa \u00e9 que o INPC passe para 9,96%.<\/p>\n<p>\u201cA categoria banc\u00e1ria tem compromissos importantes nos pr\u00f3ximos dias. Nos dias 3 e 4 de setembro vamos realizar nossa Confer\u00eancia Nacional, para tra\u00e7ar os pr\u00f3ximos passos da categoria, que precisa se unir e se organizar ainda mais nesse momento t\u00e3o dif\u00edcil. Outro compromisso \u00e9 nos manifestarmos contra o governo Bolsonaro, no dia 7, quando no pa\u00eds todo ser\u00e1 realizado o Grito dos Exclu\u00eddos. Esse governo nos exclui e nos amea\u00e7a a cada dia\u201d, concluiu a presidenta da Contraf-CUT.<\/p>\n<p><strong>Fonte: Contraf-CUT<\/strong><\/p>\n","protected":false},"excerpt":{"rendered":"<p>Desemprego, informalidade e infla\u00e7\u00e3o s\u00e3o os pesadelos da popula\u00e7\u00e3o brasileira nesse segundo semestre de 2020 e foram debatidos na reuni\u00e3o da Executiva da Confedera\u00e7\u00e3o Nacional dos Trabalhadores do Ramo Financeiro (Contraf-CUT), realizada nesta ter\u00e7a-feira (24). A discuss\u00e3o foi feita com base em dados do Instituto Brasileiro de Geografia e Estat\u00edstica (IBGE) e estudos feitos pelo [&hellip;]<\/p>\n","protected":false},"author":2,"featured_media":11386,"comment_status":"","ping_status":"","sticky":false,"template":"","format":"standard","meta":{"footnotes":""},"categories":[3],"tags":[],"class_list":["post-11387","post","type-post","status-publish","format-standard","has-post-thumbnail","hentry","category-noticias"],"_links":{"self":[{"href":"https:\/\/hostnetart.com.br\/baixada\/wp-json\/wp\/v2\/posts\/11387","targetHints":{"allow":["GET"]}}],"collection":[{"href":"https:\/\/hostnetart.com.br\/baixada\/wp-json\/wp\/v2\/posts"}],"about":[{"href":"https:\/\/hostnetart.com.br\/baixada\/wp-json\/wp\/v2\/types\/post"}],"author":[{"embeddable":true,"href":"https:\/\/hostnetart.com.br\/baixada\/wp-json\/wp\/v2\/users\/2"}],"replies":[{"embeddable":true,"href":"https:\/\/hostnetart.com.br\/baixada\/wp-json\/wp\/v2\/comments?post=11387"}],"version-history":[{"count":0,"href":"https:\/\/hostnetart.com.br\/baixada\/wp-json\/wp\/v2\/posts\/11387\/revisions"}],"wp:featuredmedia":[{"embeddable":true,"href":"https:\/\/hostnetart.com.br\/baixada\/wp-json\/wp\/v2\/media\/11386"}],"wp:attachment":[{"href":"https:\/\/hostnetart.com.br\/baixada\/wp-json\/wp\/v2\/media?parent=11387"}],"wp:term":[{"taxonomy":"category","embeddable":true,"href":"https:\/\/hostnetart.com.br\/baixada\/wp-json\/wp\/v2\/categories?post=11387"},{"taxonomy":"post_tag","embeddable":true,"href":"https:\/\/hostnetart.com.br\/baixada\/wp-json\/wp\/v2\/tags?post=11387"}],"curies":[{"name":"wp","href":"https:\/\/api.w.org\/{rel}","templated":true}]}}