{"id":11385,"date":"2021-08-25T14:08:55","date_gmt":"2021-08-25T17:08:55","guid":{"rendered":"https:\/\/hostnetart.com.br\/baixada\/ministerio-da-saude-terceira-dose-para-idosos-deve-comecar-em-15-de-setembro\/"},"modified":"2021-08-25T14:08:55","modified_gmt":"2021-08-25T17:08:55","slug":"ministerio-da-saude-terceira-dose-para-idosos-deve-comecar-em-15-de-setembro","status":"publish","type":"post","link":"https:\/\/hostnetart.com.br\/baixada\/ministerio-da-saude-terceira-dose-para-idosos-deve-comecar-em-15-de-setembro\/","title":{"rendered":"Minist\u00e9rio da Sa\u00fade: terceira dose para idosos deve come\u00e7ar em 15 de setembro"},"content":{"rendered":"<p>A terceira dose da vacina contra covid-19 dever\u00e1 ser aplicada em idosos com mais de 80 anos e pessoas imunossuprimidas a partir de 15 de setembro. Segundo o ministro da Sa\u00fade, Marcelo Queiroga, em entrevista \u00e0\u00a0<em><a href=\"https:\/\/www.cnnbrasil.com.br\/saude\/queiroga-anuncia-3a-dose-para-idosos-e-imunossuprimidos-a-partir-de-15-de-setembro\/\" target=\"_blank\" rel=\"noopener noreferrer\">CNN<\/a><\/em>, o refor\u00e7o ser\u00e1 aplicado em pessoas que tomaram a segunda dose h\u00e1 seis meses ou mais.<\/p>\n<p>Pelos c\u00e1lculos do Minist\u00e9rio da Sa\u00fade, at\u00e9 metade de setembro a popula\u00e7\u00e3o com mais de\u00a0<a href=\"https:\/\/www.redebrasilatual.com.br\/saude-e-ciencia\/2021\/08\/variante-delta-pode-circular-com-facilidade-entre-vacinados-nova-pandemia-pesquisador\/\" target=\"_blank\" rel=\"noopener noreferrer\">18 anos ter\u00e1 se vacinado<\/a>\u00a0com pelo menos uma dose da vacina. A decis\u00e3o da pasta foi feita na noite da \u00faltima ter\u00e7a-feira (24), ap\u00f3s reuni\u00e3o de t\u00e9cnicos do Minist\u00e9rio da Sa\u00fade e representantes da Organiza\u00e7\u00e3o Pan-americana de Sa\u00fade (Opas).<\/p>\n<p>O imunizante para dose de refor\u00e7o ser\u00e1 da Pfizer. Segundo Queiroga, a decis\u00e3o levou em conta o andamento da aplica\u00e7\u00e3o da segunda dose na popula\u00e7\u00e3o em geral. \u201cN\u00e3o tinha sentido eu avan\u00e7ar no refor\u00e7o, se n\u00e3o tivesse a segunda dose assegurada. Ent\u00e3o, a segunda dose seguir\u00e1\u201d, disse ele.<\/p>\n<p>O ministro tamb\u00e9m afirmou que o intervalo entre as doses dos imunizantes da Pfizer e da Astrazeneca dever\u00e3o diminuir de 12 para 8 semanas, como acontece no Reino Unido. \u201cTemos uma quantidade boa de doses da Pfizer, da Astrezeneca tamb\u00e9m temos doses suficientes\u201d, acrescentou.<\/p>\n<h2><span style=\"text-decoration: underline;\">Estudos sobre terceira dose<\/span><\/h2>\n<p>Pesquisadores\u00a0<a href=\"https:\/\/www.redebrasilatual.com.br\/saude-e-ciencia\/2021\/08\/estudos-indicam-terceira-dose-de-vacinas-brasil-supera-575-mil-mortes\/\" target=\"_blank\" rel=\"noopener noreferrer\">apontam para a necessidade de refor\u00e7ar<\/a>\u00a0a imuniza\u00e7\u00e3o com uma terceira aplica\u00e7\u00e3o da vacinas. Em especial, para grupos vulner\u00e1veis, como idosos e imunossuprimidos. Muitos pa\u00edses com a vacina\u00e7\u00e3o mais avan\u00e7ada j\u00e1 iniciaram o processo, entre eles, Israel e Estados Unidos. Ambos enfrentam uma nova onda de cont\u00e1gios e mortes.<\/p>\n<p>Israel e Estados Unidos utilizaram vacinas da Moderna, Pfizer e Janssen. A aplica\u00e7\u00e3o de uma terceira dose destes f\u00e1rmacos j\u00e1 foram comprovadas como eficientes para ampliar a prote\u00e7\u00e3o. Um estudo pr\u00e9vio divulgado ontem, ainda sem revis\u00e3o, aponta para a necessidade da terceira aplica\u00e7\u00e3o para a CoronaVac. O pr\u00e9-print foi desenvolvido pelo Instituto do Cora\u00e7\u00e3o (InCor) e pela Faculdade de Medicina da USP. O refor\u00e7o foi indicado para pessoas acima de 55 anos, al\u00e9m de imunossuprimidos.<\/p>\n<p><strong>Fonte: Rede Brasil Atual<\/strong><\/p>\n","protected":false},"excerpt":{"rendered":"<p>A terceira dose da vacina contra covid-19 dever\u00e1 ser aplicada em idosos com mais de 80 anos e pessoas imunossuprimidas a partir de 15 de setembro. Segundo o ministro da Sa\u00fade, Marcelo Queiroga, em entrevista \u00e0\u00a0CNN, o refor\u00e7o ser\u00e1 aplicado em pessoas que tomaram a segunda dose h\u00e1 seis meses ou mais. Pelos c\u00e1lculos do [&hellip;]<\/p>\n","protected":false},"author":2,"featured_media":11384,"comment_status":"","ping_status":"","sticky":false,"template":"","format":"standard","meta":{"footnotes":""},"categories":[3],"tags":[],"class_list":["post-11385","post","type-post","status-publish","format-standard","has-post-thumbnail","hentry","category-noticias"],"_links":{"self":[{"href":"https:\/\/hostnetart.com.br\/baixada\/wp-json\/wp\/v2\/posts\/11385","targetHints":{"allow":["GET"]}}],"collection":[{"href":"https:\/\/hostnetart.com.br\/baixada\/wp-json\/wp\/v2\/posts"}],"about":[{"href":"https:\/\/hostnetart.com.br\/baixada\/wp-json\/wp\/v2\/types\/post"}],"author":[{"embeddable":true,"href":"https:\/\/hostnetart.com.br\/baixada\/wp-json\/wp\/v2\/users\/2"}],"replies":[{"embeddable":true,"href":"https:\/\/hostnetart.com.br\/baixada\/wp-json\/wp\/v2\/comments?post=11385"}],"version-history":[{"count":0,"href":"https:\/\/hostnetart.com.br\/baixada\/wp-json\/wp\/v2\/posts\/11385\/revisions"}],"wp:featuredmedia":[{"embeddable":true,"href":"https:\/\/hostnetart.com.br\/baixada\/wp-json\/wp\/v2\/media\/11384"}],"wp:attachment":[{"href":"https:\/\/hostnetart.com.br\/baixada\/wp-json\/wp\/v2\/media?parent=11385"}],"wp:term":[{"taxonomy":"category","embeddable":true,"href":"https:\/\/hostnetart.com.br\/baixada\/wp-json\/wp\/v2\/categories?post=11385"},{"taxonomy":"post_tag","embeddable":true,"href":"https:\/\/hostnetart.com.br\/baixada\/wp-json\/wp\/v2\/tags?post=11385"}],"curies":[{"name":"wp","href":"https:\/\/api.w.org\/{rel}","templated":true}]}}