{"id":11383,"date":"2021-08-24T18:43:06","date_gmt":"2021-08-24T21:43:06","guid":{"rendered":"https:\/\/hostnetart.com.br\/baixada\/dia-da-visibilidade-lesbica-e-marco-da-luta-pela-democracia\/"},"modified":"2021-08-24T18:43:06","modified_gmt":"2021-08-24T21:43:06","slug":"dia-da-visibilidade-lesbica-e-marco-da-luta-pela-democracia","status":"publish","type":"post","link":"https:\/\/hostnetart.com.br\/baixada\/dia-da-visibilidade-lesbica-e-marco-da-luta-pela-democracia\/","title":{"rendered":"Dia da Visibilidade L\u00e9sbica \u00e9 marco da luta pela democracia"},"content":{"rendered":"<p>Em 29 de agosto \u00e9 comemorado o Dia Nacional da Visibilidade L\u00e9sbica, uma data importante em defesa das liberdades e da democracia, travada em plena ditadura militar. Nesse dia em 1983, ativistas l\u00e9sbicas lideradas por Rosely Roth ocuparam o Ferro\u2019s Bar em S\u00e3o Paulo, em resposta a agress\u00f5es lesbof\u00f3bicas ocorridas algumas semanas antes. Junto com elas estavam tamb\u00e9m participantes de outros movimentos sociais solid\u00e1rios \u00e0 luta e contra a viol\u00eancia policial.<\/p>\n<p>O Ferro\u2019s Bar, no Centro de S\u00e3o Paulo, era um conhecido ponto de encontro de l\u00e9sbicas a partir dos anos 1960. Frequentemente, a pol\u00edcia fazia investidas violentas no estabelecimento e as frequentadoras eram expulsas do bar. Nesse dia, foi lido um manifesto contra a repress\u00e3o e pelo direito das l\u00e9sbicas. O ato foi acompanhado pela imprensa e a repercuss\u00e3o intimidou novas investidas policiais no local.<\/p>\n<p>O Dia Nacional da Visibilidade L\u00e9sbica foi escolhido durante a realiza\u00e7\u00e3o do 1\u00ba Semin\u00e1rio Nacional de L\u00e9sbicas (Senale), em 29 de agosto de 1996. \u201cO Dia da Visibilidade L\u00e9sbica \u00e9 um marco na luta pela democracia. \u00c9 um evento que ultrapassa a comunidade l\u00e9sbica e interessa \u00e0 toda sociedade. Justamente agora, quando vivemos momento dif\u00edceis, de ataques \u00e0 democracia por parte de um governo autorit\u00e1rio e homof\u00f3bico, \u00e9 que se torna necess\u00e1rio levantar a bandeira da democracia e enfrentar qualquer tipo de intoler\u00e2ncia\u201d, declarou Adilson Barros, diretor executivo da Confedera\u00e7\u00e3o nacional dos Trabalhadores do Ramo Financeiro (Contraf-CUT) e militante do movimento LGBTQIA+.<\/p>\n<p>Adilson enfatiza a defesa da diversidade no Brasil, t\u00e3o amea\u00e7ada pelo governo Bolsonaro. \u201cCom muita luta, o movimento LGBTQIA+ obteve muitas conquistas em nosso pa\u00eds. Ainda enfrentamos muitos ataques e h\u00e1 uma forte cultura conservadora que tenta limitar nossas conquistas. Somos parte do movimento democr\u00e1tico no Brasil e, nesse momento, temos de fortalecer a luta contra o autoritarismo de Bolsonaro. \u00c9 uma luta de todos\u201d, conclui Adilson Barros.<\/p>\n<p><strong>Fonte: Contraf-CUT<\/strong><\/p>\n","protected":false},"excerpt":{"rendered":"<p>Em 29 de agosto \u00e9 comemorado o Dia Nacional da Visibilidade L\u00e9sbica, uma data importante em defesa das liberdades e da democracia, travada em plena ditadura militar. Nesse dia em 1983, ativistas l\u00e9sbicas lideradas por Rosely Roth ocuparam o Ferro\u2019s Bar em S\u00e3o Paulo, em resposta a agress\u00f5es lesbof\u00f3bicas ocorridas algumas semanas antes. Junto com [&hellip;]<\/p>\n","protected":false},"author":2,"featured_media":11382,"comment_status":"","ping_status":"","sticky":false,"template":"","format":"standard","meta":{"footnotes":""},"categories":[3],"tags":[],"class_list":["post-11383","post","type-post","status-publish","format-standard","has-post-thumbnail","hentry","category-noticias"],"_links":{"self":[{"href":"https:\/\/hostnetart.com.br\/baixada\/wp-json\/wp\/v2\/posts\/11383","targetHints":{"allow":["GET"]}}],"collection":[{"href":"https:\/\/hostnetart.com.br\/baixada\/wp-json\/wp\/v2\/posts"}],"about":[{"href":"https:\/\/hostnetart.com.br\/baixada\/wp-json\/wp\/v2\/types\/post"}],"author":[{"embeddable":true,"href":"https:\/\/hostnetart.com.br\/baixada\/wp-json\/wp\/v2\/users\/2"}],"replies":[{"embeddable":true,"href":"https:\/\/hostnetart.com.br\/baixada\/wp-json\/wp\/v2\/comments?post=11383"}],"version-history":[{"count":0,"href":"https:\/\/hostnetart.com.br\/baixada\/wp-json\/wp\/v2\/posts\/11383\/revisions"}],"wp:featuredmedia":[{"embeddable":true,"href":"https:\/\/hostnetart.com.br\/baixada\/wp-json\/wp\/v2\/media\/11382"}],"wp:attachment":[{"href":"https:\/\/hostnetart.com.br\/baixada\/wp-json\/wp\/v2\/media?parent=11383"}],"wp:term":[{"taxonomy":"category","embeddable":true,"href":"https:\/\/hostnetart.com.br\/baixada\/wp-json\/wp\/v2\/categories?post=11383"},{"taxonomy":"post_tag","embeddable":true,"href":"https:\/\/hostnetart.com.br\/baixada\/wp-json\/wp\/v2\/tags?post=11383"}],"curies":[{"name":"wp","href":"https:\/\/api.w.org\/{rel}","templated":true}]}}