{"id":11381,"date":"2021-08-24T14:17:08","date_gmt":"2021-08-24T17:17:08","guid":{"rendered":"https:\/\/hostnetart.com.br\/baixada\/sindicato-dos-bancarios-da-baixada-fluminense-ira-realizar-sorteio-no-dia-do-bancario-e-da-bancaria\/"},"modified":"2021-08-24T14:17:08","modified_gmt":"2021-08-24T17:17:08","slug":"sindicato-dos-bancarios-da-baixada-fluminense-ira-realizar-sorteio-no-dia-do-bancario-e-da-bancaria","status":"publish","type":"post","link":"https:\/\/hostnetart.com.br\/baixada\/sindicato-dos-bancarios-da-baixada-fluminense-ira-realizar-sorteio-no-dia-do-bancario-e-da-bancaria\/","title":{"rendered":"Sindicato dos Banc\u00e1rios da Baixada Fluminense ir\u00e1 realizar sorteio no Dia do Banc\u00e1rio e da Banc\u00e1ria"},"content":{"rendered":"<p>Neste s\u00e1bado, 28 de Agosto \u00e9 Dia da Banc\u00e1ria e do Banc\u00e1rio.<\/p>\n<p>E o Sindicato dos Banc\u00e1rios da Baixada Fluminense, junto com a Federa\u00e7\u00e3o dos Trabalhadores do Ramo Financeiro dos Estados do Rio de Janeiro e Esp\u00edrito Santo (Fetraf RJ\/ES), ir\u00e3o realizar uma live\u00a0especial, com muitas atra\u00e7\u00f5es especiais, como o Grupo Revela\u00e7\u00e3o e o querido Pitoco.<\/p>\n<p>Al\u00e9m disso, o Sindicato ir\u00e1 sortear diversos pr\u00eamios para as banc\u00e1rias e o banc\u00e1rios sindicalizados. Eletrodom\u00e9sticos e vouchers para restaurantes famosos, como Toca da Tra\u00edra e Mocelin, ser\u00e3o sorteados. Basta ser associado ao sindicato para estar concorrendo.\u00a0<\/p>\n<p>O sorteio ser\u00e1 transmitido por nosso Instagram (<a href=\"https:\/\/www.instagram.com\/bancariosbaixada\/\">https:\/\/www.instagram.com\/bancariosbaixada\/<\/a>) entre 11h30 e 12h deste s\u00e1bado (28).\u00a0<\/p>\n<p><span style=\"text-decoration: underline;\">LIVE<\/span><\/p>\n<p>A transmiss\u00e3o da live com os shows e convidados ser\u00e1 pelo canal do YouTube da Fetraf RJ\/ES, dia 28 de Agosto, s\u00e1bado, a partir das 13 horas.<\/p>\n<p>Para assistir, acesse o link:\u00a0<a href=\"https:\/\/www.youtube.com\/channel\/UC6lOJJMspXElPTQykUDrY3A\">https:\/\/www.youtube.com\/channel\/UC6lOJJMspXElPTQykUDrY3A<\/a><\/p>\n<p>Se inscreva no canal do YouTube da Fetraf RJ\/ES e\u00a0acompanhe as nossas redes sociais.<\/p>\n","protected":false},"excerpt":{"rendered":"<p>Neste s\u00e1bado, 28 de Agosto \u00e9 Dia da Banc\u00e1ria e do Banc\u00e1rio. E o Sindicato dos Banc\u00e1rios da Baixada Fluminense, junto com a Federa\u00e7\u00e3o dos Trabalhadores do Ramo Financeiro dos Estados do Rio de Janeiro e Esp\u00edrito Santo (Fetraf RJ\/ES), ir\u00e3o realizar uma live\u00a0especial, com muitas atra\u00e7\u00f5es especiais, como o Grupo Revela\u00e7\u00e3o e o querido [&hellip;]<\/p>\n","protected":false},"author":2,"featured_media":11380,"comment_status":"","ping_status":"","sticky":false,"template":"","format":"standard","meta":{"footnotes":""},"categories":[3],"tags":[],"class_list":["post-11381","post","type-post","status-publish","format-standard","has-post-thumbnail","hentry","category-noticias"],"_links":{"self":[{"href":"https:\/\/hostnetart.com.br\/baixada\/wp-json\/wp\/v2\/posts\/11381","targetHints":{"allow":["GET"]}}],"collection":[{"href":"https:\/\/hostnetart.com.br\/baixada\/wp-json\/wp\/v2\/posts"}],"about":[{"href":"https:\/\/hostnetart.com.br\/baixada\/wp-json\/wp\/v2\/types\/post"}],"author":[{"embeddable":true,"href":"https:\/\/hostnetart.com.br\/baixada\/wp-json\/wp\/v2\/users\/2"}],"replies":[{"embeddable":true,"href":"https:\/\/hostnetart.com.br\/baixada\/wp-json\/wp\/v2\/comments?post=11381"}],"version-history":[{"count":0,"href":"https:\/\/hostnetart.com.br\/baixada\/wp-json\/wp\/v2\/posts\/11381\/revisions"}],"wp:featuredmedia":[{"embeddable":true,"href":"https:\/\/hostnetart.com.br\/baixada\/wp-json\/wp\/v2\/media\/11380"}],"wp:attachment":[{"href":"https:\/\/hostnetart.com.br\/baixada\/wp-json\/wp\/v2\/media?parent=11381"}],"wp:term":[{"taxonomy":"category","embeddable":true,"href":"https:\/\/hostnetart.com.br\/baixada\/wp-json\/wp\/v2\/categories?post=11381"},{"taxonomy":"post_tag","embeddable":true,"href":"https:\/\/hostnetart.com.br\/baixada\/wp-json\/wp\/v2\/tags?post=11381"}],"curies":[{"name":"wp","href":"https:\/\/api.w.org\/{rel}","templated":true}]}}