{"id":11377,"date":"2021-08-23T19:53:54","date_gmt":"2021-08-23T22:53:54","guid":{"rendered":"https:\/\/hostnetart.com.br\/baixada\/como-descartar-mascaras-e-evitar-risco-aos-coletores-e-ao-ambiente\/"},"modified":"2021-08-23T19:53:54","modified_gmt":"2021-08-23T22:53:54","slug":"como-descartar-mascaras-e-evitar-risco-aos-coletores-e-ao-ambiente","status":"publish","type":"post","link":"https:\/\/hostnetart.com.br\/baixada\/como-descartar-mascaras-e-evitar-risco-aos-coletores-e-ao-ambiente\/","title":{"rendered":"Como descartar m\u00e1scaras e evitar risco aos coletores e ao ambiente"},"content":{"rendered":"<p>H\u00e1 quase um ano e meio as m\u00e1scaras passaram a fazer parte da vestimenta de qualquer pessoa respons\u00e1vel. Seja em casa, para quem apresenta sintomas da covid-19, mas principalmente em ambientes p\u00fablicos, o uso de m\u00e1scara \u00e9 fundamental na prote\u00e7\u00e3o individual e coletiva contra o coronav\u00edrus. Mas, como descartar o equipamento ap\u00f3s o uso, de forma a reduzir os danos ao ambiente e aos coletores de lixo e materiais recicl\u00e1veis?<\/p>\n<p>De cara, \u00e9 preciso deixar claro: as m\u00e1scaras usadas n\u00e3o s\u00e3o recicl\u00e1veis. Assim, em hip\u00f3tese alguma devem ser colocadas junto ao lixo que poder\u00e1 ser manipulado pelos catadores de materiais recicl\u00e1veis.<\/p>\n<p class=\"has-background has-very-light-gray-background-color\"><strong><a href=\"https:\/\/www.redebrasilatual.com.br\/tag\/mascaras\/\" target=\"_blank\" rel=\"noopener noreferrer\">Saiba mais sobre o uso de m\u00e1scaras no combate \u00e0 covid-19<\/a><\/strong><\/p>\n<p>O\u00a0<a href=\"https:\/\/akatu.org.br\/mascaras-como-descartar\/\" target=\"_blank\" rel=\"noopener noreferrer\">Instituto Akatu<\/a>, de consumo consciente, alerta: seja de pano, descart\u00e1vel ou hospitalar, o destino de todas as m\u00e1scaras deve ser o lixo comum. \u201cMas antes de descart\u00e1-las,\u00a0tome alguns cuidados. Para evitar que suas m\u00e1scaras contaminem as pessoas que manejam nossos res\u00edduos, tanto na coleta domiciliar quanto nos aterros sanit\u00e1rios, coloque as m\u00e1scaras usadas em uma sacola e escreva com uma caneta ou em um adesivo que se tratam de m\u00e1scaras usadas. Ap\u00f3s isso, descarte na lixeira de res\u00edduos org\u00e2nicos ou no lixinho do banheiro.\u201d<\/p>\n<h2><span style=\"text-decoration: underline;\">Direto pro banheiro<\/span><\/h2>\n<p>A Faculdade de Sa\u00fade P\u00fablica da Universidade de S\u00e3o Paulo (FSP\/USP) considera que essa seja a alternativa aceit\u00e1vel para o descarte das m\u00e1scaras: junto com os pap\u00e9is sanit\u00e1rios, em lixeiras forradas com saco pl\u00e1stico e, de prefer\u00eancia, com tampa acionada por pedal.<\/p>\n<p>\u201cO descarte junto com o lixo sanit\u00e1rio j\u00e1 pressup\u00f5e a dupla embalagem, pois os sacos pl\u00e1sticos de banheiros, durante o procedimento de coleta, s\u00e3o acondicionados em sacos maiores para descarte, o que confere maior prote\u00e7\u00e3o na cadeia de gerenciamento (manuseio, coleta, transporte e destina\u00e7\u00e3o)\u201d, explica a institui\u00e7\u00e3o. \u201cIsso representa o duplo ensacamento, medida preventiva preconizada para minimizar o risco de contamina\u00e7\u00e3o. O descarte nesse ambiente evita que m\u00e1scaras e luvas venham a ser desviadas para poss\u00edvel reutiliza\u00e7\u00e3o, sejam direcionadas para coleta seletiva de recicl\u00e1veis, ou ainda dispostas indesejavelmente na natureza com exposi\u00e7\u00e3o humana, animal e degrada\u00e7\u00e3o do ambiente.\u201d<\/p>\n<p>Outra raz\u00e3o para que m\u00e1scaras sejam descartadas em banheiros, explica\u00a0<a href=\"https:\/\/www.fsp.usp.br\/site\/noticias\/mostra\/24252\" target=\"_blank\" rel=\"noopener noreferrer\">boletim da FSP<\/a>, \u00e9 a facilidade de higieniza\u00e7\u00e3o das m\u00e3os, antes e ap\u00f3s a troca de m\u00e1scaras, o que contribui para menor risco de autocontamina\u00e7\u00e3o.<\/p>\n<p>A\u00a0<a href=\"http:\/\/www.abnt.org.br\/imprensa\/releases\/7270-descarte-das-mascaras-precisa-de-cuidados-alerta-a-abnt\" target=\"_blank\" rel=\"noopener noreferrer\">Associa\u00e7\u00e3o Brasileira de Normas T\u00e9cnicas<\/a>\u00a0(ABNT) recomenda, ainda, descaracterizar a m\u00e1scara cortando-a com uma tesoura, a fim de evitar a reutiliza\u00e7\u00e3o por terceiros. Tamb\u00e9m ressalta que a tesoura deve ser higienizada ap\u00f3s a descaracteriza\u00e7\u00e3o de m\u00e1scaras usadas. \u201c\u00c9 importante lembrar que descartar as m\u00e1scaras no ch\u00e3o, assim como qualquer outro lixo, traz diversas consequ\u00eancias ao meio ambiente. Suja os len\u00e7\u00f3is fre\u00e1ticos e entope canais, causando alagamentos\u201d, ressalta Mario William Esper, presidente da ABNT. \u201cPortanto, o descarte correto tamb\u00e9m contribui para a preserva\u00e7\u00e3o do meio ambiente. Continua valendo a m\u00e1xima: lixo no lixo.\u201d<\/p>\n<h3>Risco ao ambiente<\/h3>\n<p>M\u00e1scaras t\u00eam sido encontradas em praias, rios, no fundo mar, presas em animais e at\u00e9 nos seus est\u00f4magos, mostrando que o descarte inadequado \u00e9 um problema em todo o mundo.<\/p>\n<p>Se voc\u00ea est\u00e1 na rua, orienta o Instituto Akatu, descarte sua m\u00e1scara no lixo de um banheiro ou deixe para jogar no lixo comum ao chegar em casa. \u201cNunca descarte-a na rua, ou ela poder\u00e1 acabar em rios e oceanos ou entupindo bueiros\u201d, ressalta. A\u00a0<a href=\"https:\/\/pubs.acs.org\/doi\/abs\/10.1021\/acs.est.0c02178\">Sociedade Americana de Qu\u00edmica<\/a>\u00a0estima que 129 bilh\u00f5es de m\u00e1scaras e 65 bilh\u00f5es de luvas s\u00e3o descartadas por m\u00eas no mundo.<\/p>\n<p>\u201cSer um consumidor consciente n\u00e3o se limita a usar a m\u00e1scara da forma correta para protegermos uns aos outros, mas tamb\u00e9m inclui prestar aten\u00e7\u00e3o no que acontece com as m\u00e1scaras ap\u00f3s o uso, evitando n\u00e3o s\u00f3 a contamina\u00e7\u00e3o de quem possa vir a ter contato com estes res\u00edduos, como tamb\u00e9m a contamina\u00e7\u00e3o do meio ambiente\u201d, destaca Larissa Kuroki, coordenadora de conte\u00fados do Akatu.<\/p>\n<p>A empresa de descarte ecol\u00f3gico\u00a0<a href=\"https:\/\/ecoassist.com.br\/como-descartar-mascaras-descartaveis\/\" target=\"_blank\" rel=\"noopener noreferrer\">Ecoassist<\/a>\u00a0lembra que m\u00e1scaras descart\u00e1veis s\u00e3o confeccionadas com um tecido sint\u00e9tico chamado TNT \u2013 sigla para \u2018tecido n\u00e3o tecido\u2019 \u2013, que \u00e9 composto de polipropeno (um pol\u00edmero termopl\u00e1stico). \u201cEstima-se que esse material leve de\u00a0400 a 450 anos para se decompor na natureza. Essa informa\u00e7\u00e3o por si s\u00f3 \u00e9 preocupante para as autoridades sanit\u00e1rias de todo o mundo, mas tamb\u00e9m para cada cidad\u00e3o preocupado com o futuro do planeta. \u00c9 importante cuidar dessa quest\u00e3o hoje, para que m\u00e1scaras descart\u00e1veis usadas durante a pandemia sejam, no futuro, pe\u00e7as de museu e n\u00e3o encontradas em praias e dentro de animais marinhos.\u201d<\/p>\n<p><strong>Fonte: Rede Brasil Atual<\/strong><\/p>\n","protected":false},"excerpt":{"rendered":"<p>H\u00e1 quase um ano e meio as m\u00e1scaras passaram a fazer parte da vestimenta de qualquer pessoa respons\u00e1vel. Seja em casa, para quem apresenta sintomas da covid-19, mas principalmente em ambientes p\u00fablicos, o uso de m\u00e1scara \u00e9 fundamental na prote\u00e7\u00e3o individual e coletiva contra o coronav\u00edrus. Mas, como descartar o equipamento ap\u00f3s o uso, de [&hellip;]<\/p>\n","protected":false},"author":2,"featured_media":11376,"comment_status":"","ping_status":"","sticky":false,"template":"","format":"standard","meta":{"footnotes":""},"categories":[3],"tags":[],"class_list":["post-11377","post","type-post","status-publish","format-standard","has-post-thumbnail","hentry","category-noticias"],"_links":{"self":[{"href":"https:\/\/hostnetart.com.br\/baixada\/wp-json\/wp\/v2\/posts\/11377","targetHints":{"allow":["GET"]}}],"collection":[{"href":"https:\/\/hostnetart.com.br\/baixada\/wp-json\/wp\/v2\/posts"}],"about":[{"href":"https:\/\/hostnetart.com.br\/baixada\/wp-json\/wp\/v2\/types\/post"}],"author":[{"embeddable":true,"href":"https:\/\/hostnetart.com.br\/baixada\/wp-json\/wp\/v2\/users\/2"}],"replies":[{"embeddable":true,"href":"https:\/\/hostnetart.com.br\/baixada\/wp-json\/wp\/v2\/comments?post=11377"}],"version-history":[{"count":0,"href":"https:\/\/hostnetart.com.br\/baixada\/wp-json\/wp\/v2\/posts\/11377\/revisions"}],"wp:featuredmedia":[{"embeddable":true,"href":"https:\/\/hostnetart.com.br\/baixada\/wp-json\/wp\/v2\/media\/11376"}],"wp:attachment":[{"href":"https:\/\/hostnetart.com.br\/baixada\/wp-json\/wp\/v2\/media?parent=11377"}],"wp:term":[{"taxonomy":"category","embeddable":true,"href":"https:\/\/hostnetart.com.br\/baixada\/wp-json\/wp\/v2\/categories?post=11377"},{"taxonomy":"post_tag","embeddable":true,"href":"https:\/\/hostnetart.com.br\/baixada\/wp-json\/wp\/v2\/tags?post=11377"}],"curies":[{"name":"wp","href":"https:\/\/api.w.org\/{rel}","templated":true}]}}