{"id":11369,"date":"2021-08-20T22:16:27","date_gmt":"2021-08-21T01:16:27","guid":{"rendered":"https:\/\/hostnetart.com.br\/baixada\/a-ameaca-e-o-trabalho-bancario-aos-sabados-e-domingos\/"},"modified":"2021-08-20T22:16:27","modified_gmt":"2021-08-21T01:16:27","slug":"a-ameaca-e-o-trabalho-bancario-aos-sabados-e-domingos","status":"publish","type":"post","link":"https:\/\/hostnetart.com.br\/baixada\/a-ameaca-e-o-trabalho-bancario-aos-sabados-e-domingos\/","title":{"rendered":"A amea\u00e7a \u00e9 o trabalho banc\u00e1rio aos s\u00e1bados e domingos"},"content":{"rendered":"<p>A categoria banc\u00e1ria sofre amea\u00e7a de duas propostas do governo Bolsonaro e seus apoiadores. Uma \u00e9 o Projeto de Lei (PL) 1043, que permite ampliar a jornada da categoria para s\u00e1bados e domingos, e outro \u00e9 a MP 1045, que reduz o pagamento de horas extras.<\/p>\n<p>A MP 1045 j\u00e1 foi aprovada na C\u00e2mara dos Deputados e agora ser\u00e1 votada no Senado. O texto prev\u00ea que categorias com jornadas especiais, menores que oito horas \u2013 como \u00e9 o caso dos banc\u00e1rios \u2013, podem ter a jornada estendida para oito horas mediante acordo individual ou acordo coletivo. O adicional pelas horas extras (s\u00e9tima e oitava horas) passa a ser de 20%. Hoje, a legisla\u00e7\u00e3o determina que a hora extra seja paga com adicional de 50% (segunda a s\u00e1bado) e 100% (domingos ou feriados). Entre as in\u00fameras maldades, a proposta vai diminuir os sal\u00e1rios, estimular as empresas a trocar at\u00e9 40% dos seus quadros de trabalhadores para pagar menos, acabar com o 13\u00ba sal\u00e1rio e retirar o direito \u00e0s f\u00e9rias remuneradas.<\/p>\n<p><span style=\"text-decoration: underline;\">S\u00e1bados e domingos<\/span><\/p>\n<p>A segunda amea\u00e7a vem do PL 1043\/19, do deputado federal David Soares (DEM-SP), que autoriza o trabalho banc\u00e1rio aos s\u00e1bados e domingos. O projeto foi devolvido esta semana ao relator, deputado federal F\u00e1bio Ramalho (MDB-MG). Ramalho tinha rejeitado incialmente o projeto, mas mudou de ideia e decidiu aprovar. Agora o PL 1043 foi devolvido ao relator, para eventuais ajustes.<\/p>\n<p>\u201cA categoria sofre o risco de perder importantes direitos com esses dois ataques. Esse PL 1043 acaba com uma conquista hist\u00f3rica da categoria e permite o trabalho aos s\u00e1bados e domingos. J\u00e1 a MP \u00e9 inconstitucional por reduzir o valor das horas extras. Se a hora suplementar ficar mais barata \u00e9 evidente que a categoria ter\u00e1 perda salarial. E isso pode acontecer em um momento em que a infla\u00e7\u00e3o cresce a cada dia, por obra desse governo que atua contra o trabalhador\u201d, criticou a presidenta da Confedera\u00e7\u00e3o Nacional dos Trabalhadores do Ramo Financeiro (Contraf-CUT), Juvandia Moreira.<\/p>\n<p><span style=\"text-decoration: underline;\">Press\u00e3o<\/span><\/p>\n<p>Para Juvandia, a press\u00e3o sobre deputados e senadores \u00e9 a melhor forma de barras os dois ataques do governo Bolsonaro e seus apoiadores. \u201cToda a categoria, inclusive as entidades sindicais banc\u00e1rias, devem fazer press\u00e3o sobre os senadores e os deputados a partir de agora. Somente assim \u00e9 que poderemos impedir mais esse ataque aos nossos direitos. Sem press\u00e3o, vamos regredir\u201d, alerta a presidenta da Contraf-CUT.<\/p>\n<p>A Contraf-CUT j\u00e1 vem combatendo esses ataques \u00e0 categoria banc\u00e1ria desde quando foram apresentados no Congresso Nacional. \u201cAtrav\u00e9s da luta das entidades sindicais temos conseguido barrar v\u00e1rias situa\u00e7\u00f5es que prejudicam a classe trabalhadora\u201d, disse o secret\u00e1rio de Rela\u00e7\u00f5es do Trabalho, Jeferson Meira, o Jef\u00e3o, que faz o acompanhamento dos projetos e medidas provis\u00f3rias que tramitam no Senado e na C\u00e2mara dos Deputados.<\/p>\n<p><strong>Fonte: Contraf-CUT<\/strong><\/p>\n","protected":false},"excerpt":{"rendered":"<p>A categoria banc\u00e1ria sofre amea\u00e7a de duas propostas do governo Bolsonaro e seus apoiadores. Uma \u00e9 o Projeto de Lei (PL) 1043, que permite ampliar a jornada da categoria para s\u00e1bados e domingos, e outro \u00e9 a MP 1045, que reduz o pagamento de horas extras. A MP 1045 j\u00e1 foi aprovada na C\u00e2mara dos [&hellip;]<\/p>\n","protected":false},"author":2,"featured_media":11368,"comment_status":"","ping_status":"","sticky":false,"template":"","format":"standard","meta":{"footnotes":""},"categories":[3],"tags":[],"class_list":["post-11369","post","type-post","status-publish","format-standard","has-post-thumbnail","hentry","category-noticias"],"_links":{"self":[{"href":"https:\/\/hostnetart.com.br\/baixada\/wp-json\/wp\/v2\/posts\/11369","targetHints":{"allow":["GET"]}}],"collection":[{"href":"https:\/\/hostnetart.com.br\/baixada\/wp-json\/wp\/v2\/posts"}],"about":[{"href":"https:\/\/hostnetart.com.br\/baixada\/wp-json\/wp\/v2\/types\/post"}],"author":[{"embeddable":true,"href":"https:\/\/hostnetart.com.br\/baixada\/wp-json\/wp\/v2\/users\/2"}],"replies":[{"embeddable":true,"href":"https:\/\/hostnetart.com.br\/baixada\/wp-json\/wp\/v2\/comments?post=11369"}],"version-history":[{"count":0,"href":"https:\/\/hostnetart.com.br\/baixada\/wp-json\/wp\/v2\/posts\/11369\/revisions"}],"wp:featuredmedia":[{"embeddable":true,"href":"https:\/\/hostnetart.com.br\/baixada\/wp-json\/wp\/v2\/media\/11368"}],"wp:attachment":[{"href":"https:\/\/hostnetart.com.br\/baixada\/wp-json\/wp\/v2\/media?parent=11369"}],"wp:term":[{"taxonomy":"category","embeddable":true,"href":"https:\/\/hostnetart.com.br\/baixada\/wp-json\/wp\/v2\/categories?post=11369"},{"taxonomy":"post_tag","embeddable":true,"href":"https:\/\/hostnetart.com.br\/baixada\/wp-json\/wp\/v2\/tags?post=11369"}],"curies":[{"name":"wp","href":"https:\/\/api.w.org\/{rel}","templated":true}]}}